{"id":5579,"date":"2022-11-23T14:55:23","date_gmt":"2022-11-23T14:55:23","guid":{"rendered":"http:\/\/www.ahat.cat\/?p=5579"},"modified":"2022-11-23T14:56:53","modified_gmt":"2022-11-23T14:56:53","slug":"taller-descriptura-material-didactic-de-lahat","status":"publish","type":"post","link":"https:\/\/www.ahat.cat\/es\/2022\/11\/taller-descriptura-material-didactic-de-lahat\/","title":{"rendered":"Taller d&#8217;Escriptura &#8211; Material did\u00e0ctic de l&#8217;AHAT"},"content":{"rendered":"<p><strong>Convocat\u00f2ria dirigida a mestres i professors<\/strong><\/p>\n<p>Aquest proper <strong>dissabte 26 de novembre<\/strong> al Centre Tarraconense El Seminari tindr\u00e0 lloc la presentaci\u00f3 dels materials did\u00e0ctics del <strong>\u00abTaller d\u2019escriptura\u00bb<\/strong> elaborats per l\u2019Arxiu Hist\u00f2ric Arxidioces\u00e0 de Tarragona (AHAT), amb l\u2019objectiu de donar a con\u00e8ixer als infants i adolescents les diverses tasques -conservaci\u00f3, catalogaci\u00f3 i difusi\u00f3- que es duen a terme a l\u2019AHAT a trav\u00e9s de l\u2019evoluci\u00f3 de l\u2019escriptura i els seus suport al llarg dels segles.<\/p>\n<p>El <strong>\u00abTaller d\u2019escriptura\u00bb<\/strong> i est\u00e0 dividit en tres etapes:<br \/>\n<strong>1. L\u2019amagatall de les lletres<\/strong> dirigit a educaci\u00f3 infantil (P5) i el cicle inicial E.P.<br \/>\n<strong>2. L\u2019Scriptorium, bressol de l\u2019escriptura<\/strong> a l\u2019edat mitjana dirigit a cicle mitj\u00e0 i cicle superior E.P.<br \/>\n<strong>3. El temps passa i l\u2019escriptura evoluciona<\/strong> dirigit a l\u2019ESO, Batxillerat i cicle formatius.<\/p>\n<p>En aquest enlla\u00e7 podreu veure els materials que hem preparat, els dossiers pels alumnes i les guies did\u00e0ctiques.<br \/>\n<strong><a href=\"\/?page_id=5437\">http:\/\/www.ahat.cat\/materials-i-recursos\/recursos-didactics\/taller-descriptura\/<\/a><\/strong><\/p>\n<p>L&#8217;acte tindr\u00e0 s&#8217;iniciar\u00e0 <strong>a les 10.30h del mat\u00ed fins a les 12.30h<\/strong> del migdia i a l&#8217;acabar compartirem un refrigeri.<\/p>\n<p>Esperem compta amb la vostra participaci\u00f3. Si us plau, feu-nos arribar la vostra confirmaci\u00f3 d\u2019assist\u00e8ncia al correu <strong>arxiu.historic@arqtgn.cat<\/strong> o b\u00e9 trucant al tel\u00e8fon <strong>977 25 33 60<\/strong><\/p>\n","protected":false},"excerpt":{"rendered":"<p>Convocat\u00f2ria dirigida a mestres i professors Aquest proper dissabte 26 de novembre al Centre Tarraconense El Seminari tindr\u00e0 lloc la presentaci\u00f3 dels materials did\u00e0ctics del \u00abTaller d\u2019escriptura\u00bb elaborats per l\u2019Arxiu Hist\u00f2ric Arxidioces\u00e0 de Tarragona (AHAT), amb l\u2019objectiu de donar a con\u00e8ixer als infants i adolescents les diverses tasques -conservaci\u00f3, catalogaci\u00f3 i difusi\u00f3- que es duen [&hellip;]<\/p>\n","protected":false},"author":35,"featured_media":0,"comment_status":"closed","ping_status":"closed","sticky":false,"template":"","format":"standard","meta":{"footnotes":""},"categories":[596],"tags":[],"class_list":["post-5579","post","type-post","status-publish","format-standard","hentry","category-actualitat-es"],"amp_enabled":true,"_links":{"self":[{"href":"https:\/\/www.ahat.cat\/es\/wp-json\/wp\/v2\/posts\/5579","targetHints":{"allow":["GET"]}}],"collection":[{"href":"https:\/\/www.ahat.cat\/es\/wp-json\/wp\/v2\/posts"}],"about":[{"href":"https:\/\/www.ahat.cat\/es\/wp-json\/wp\/v2\/types\/post"}],"author":[{"embeddable":true,"href":"https:\/\/www.ahat.cat\/es\/wp-json\/wp\/v2\/users\/35"}],"replies":[{"embeddable":true,"href":"https:\/\/www.ahat.cat\/es\/wp-json\/wp\/v2\/comments?post=5579"}],"version-history":[{"count":3,"href":"https:\/\/www.ahat.cat\/es\/wp-json\/wp\/v2\/posts\/5579\/revisions"}],"predecessor-version":[{"id":5584,"href":"https:\/\/www.ahat.cat\/es\/wp-json\/wp\/v2\/posts\/5579\/revisions\/5584"}],"wp:attachment":[{"href":"https:\/\/www.ahat.cat\/es\/wp-json\/wp\/v2\/media?parent=5579"}],"wp:term":[{"taxonomy":"category","embeddable":true,"href":"https:\/\/www.ahat.cat\/es\/wp-json\/wp\/v2\/categories?post=5579"},{"taxonomy":"post_tag","embeddable":true,"href":"https:\/\/www.ahat.cat\/es\/wp-json\/wp\/v2\/tags?post=5579"}],"curies":[{"name":"wp","href":"https:\/\/api.w.org\/{rel}","templated":true}]}}