{"id":5374,"date":"2022-05-26T13:57:44","date_gmt":"2022-05-26T13:57:44","guid":{"rendered":"http:\/\/www.ahat.cat\/?p=5374"},"modified":"2022-05-26T13:57:44","modified_gmt":"2022-05-26T13:57:44","slug":"vi-jornades-dhistoria-mn-sanc-capdevila-i-felip-el-patrimoni-documental-i-bibliografic-durant-la-guerra-civil-espanyola","status":"publish","type":"post","link":"https:\/\/www.ahat.cat\/es\/2022\/05\/vi-jornades-dhistoria-mn-sanc-capdevila-i-felip-el-patrimoni-documental-i-bibliografic-durant-la-guerra-civil-espanyola\/","title":{"rendered":"VI jornades d&#8217;Hist\u00f2ria Mn. San\u00e7 Capdevila i Felip. El patrimoni documental i bibliogr\u00e0fic durant la Guerra Civil espanyola"},"content":{"rendered":"<p>En els darrers anys s&#8217;han celebrat diverses jornades relacionades amb la salvaguarda i destrucci\u00f3 del patrimoni hist\u00f2ric i art\u00edstic durant la Guerra Civil. Tanmateix, la q\u00fcesti\u00f3s dels arxius i les biblioteques s&#8217;ha tractat gen\u00e8ricament.\u00a0Les VI jornades d&#8217;Hist\u00f2ria Mn. San\u00e7 Capdevila i Felip que porten per t\u00edtol \u00abEl patrimoni documental i bibliogr\u00e0fic durant la Guerra Civil espanyola\u00bb volen donar a con\u00e8ixer al p\u00fablic en general la q\u00fcesti\u00f3 del salvament i destrucci\u00f3 del patrimoni documental i bibliogr\u00e0fic, a dia d&#8217;avui encara poc coneguda.<\/p>\n<p><a href=\"http:\/\/www.ahat.cat\/wp-content\/uploads\/sites\/21\/2022\/05\/CARTELL_VI-jornades-dHistoria-Mn.-Sanc-Capdevila-i-Felip-El-patrimoni-documental-i-bibliografic-durant-la-Guerra-Civil-espanyola-10.png\"><img loading=\"lazy\" decoding=\"async\" class=\"size-medium wp-image-5349 aligncenter\" src=\"http:\/\/www.ahat.cat\/wp-content\/uploads\/sites\/21\/2022\/05\/CARTELL_VI-jornades-dHistoria-Mn.-Sanc-Capdevila-i-Felip-El-patrimoni-documental-i-bibliografic-durant-la-Guerra-Civil-espanyola-10-212x300.png\" alt=\"\" width=\"212\" height=\"300\" srcset=\"https:\/\/www.ahat.cat\/wp-content\/uploads\/sites\/21\/2022\/05\/CARTELL_VI-jornades-dHistoria-Mn.-Sanc-Capdevila-i-Felip-El-patrimoni-documental-i-bibliografic-durant-la-Guerra-Civil-espanyola-10-212x300.png 212w, https:\/\/www.ahat.cat\/wp-content\/uploads\/sites\/21\/2022\/05\/CARTELL_VI-jornades-dHistoria-Mn.-Sanc-Capdevila-i-Felip-El-patrimoni-documental-i-bibliografic-durant-la-Guerra-Civil-espanyola-10-724x1024.png 724w, https:\/\/www.ahat.cat\/wp-content\/uploads\/sites\/21\/2022\/05\/CARTELL_VI-jornades-dHistoria-Mn.-Sanc-Capdevila-i-Felip-El-patrimoni-documental-i-bibliografic-durant-la-Guerra-Civil-espanyola-10-768x1086.png 768w, https:\/\/www.ahat.cat\/wp-content\/uploads\/sites\/21\/2022\/05\/CARTELL_VI-jornades-dHistoria-Mn.-Sanc-Capdevila-i-Felip-El-patrimoni-documental-i-bibliografic-durant-la-Guerra-Civil-espanyola-10-1086x1536.png 1086w, https:\/\/www.ahat.cat\/wp-content\/uploads\/sites\/21\/2022\/05\/CARTELL_VI-jornades-dHistoria-Mn.-Sanc-Capdevila-i-Felip-El-patrimoni-documental-i-bibliografic-durant-la-Guerra-Civil-espanyola-10-1448x2048.png 1448w, https:\/\/www.ahat.cat\/wp-content\/uploads\/sites\/21\/2022\/05\/CARTELL_VI-jornades-dHistoria-Mn.-Sanc-Capdevila-i-Felip-El-patrimoni-documental-i-bibliografic-durant-la-Guerra-Civil-espanyola-10.png 1587w\" sizes=\"auto, (max-width: 212px) 100vw, 212px\" \/><\/a><\/p>\n","protected":false},"excerpt":{"rendered":"<p>En els darrers anys s&#8217;han celebrat diverses jornades relacionades amb la salvaguarda i destrucci\u00f3 del patrimoni hist\u00f2ric i art\u00edstic durant la Guerra Civil. Tanmateix, la q\u00fcesti\u00f3s dels arxius i les biblioteques s&#8217;ha tractat gen\u00e8ricament.\u00a0Les VI jornades d&#8217;Hist\u00f2ria Mn. San\u00e7 Capdevila i Felip que porten per t\u00edtol \u00abEl patrimoni documental i bibliogr\u00e0fic durant la Guerra Civil [&hellip;]<\/p>\n","protected":false},"author":35,"featured_media":0,"comment_status":"closed","ping_status":"closed","sticky":false,"template":"","format":"standard","meta":{"footnotes":""},"categories":[596,777,778],"tags":[],"class_list":["post-5374","post","type-post","status-publish","format-standard","hentry","category-actualitat-es","category-ano-2022","category-vi-jornades-dhistoria-mn-sanc-capdevila-i-felip-el-patrimoni-documental-i-bibliografic-durant-la-guerra-civil-espanyola-es"],"amp_enabled":true,"_links":{"self":[{"href":"https:\/\/www.ahat.cat\/es\/wp-json\/wp\/v2\/posts\/5374","targetHints":{"allow":["GET"]}}],"collection":[{"href":"https:\/\/www.ahat.cat\/es\/wp-json\/wp\/v2\/posts"}],"about":[{"href":"https:\/\/www.ahat.cat\/es\/wp-json\/wp\/v2\/types\/post"}],"author":[{"embeddable":true,"href":"https:\/\/www.ahat.cat\/es\/wp-json\/wp\/v2\/users\/35"}],"replies":[{"embeddable":true,"href":"https:\/\/www.ahat.cat\/es\/wp-json\/wp\/v2\/comments?post=5374"}],"version-history":[{"count":1,"href":"https:\/\/www.ahat.cat\/es\/wp-json\/wp\/v2\/posts\/5374\/revisions"}],"predecessor-version":[{"id":5375,"href":"https:\/\/www.ahat.cat\/es\/wp-json\/wp\/v2\/posts\/5374\/revisions\/5375"}],"wp:attachment":[{"href":"https:\/\/www.ahat.cat\/es\/wp-json\/wp\/v2\/media?parent=5374"}],"wp:term":[{"taxonomy":"category","embeddable":true,"href":"https:\/\/www.ahat.cat\/es\/wp-json\/wp\/v2\/categories?post=5374"},{"taxonomy":"post_tag","embeddable":true,"href":"https:\/\/www.ahat.cat\/es\/wp-json\/wp\/v2\/tags?post=5374"}],"curies":[{"name":"wp","href":"https:\/\/api.w.org\/{rel}","templated":true}]}}