{"id":5202,"date":"2021-02-25T09:52:58","date_gmt":"2021-02-25T09:52:58","guid":{"rendered":"http:\/\/www.ahat.cat\/?p=5202"},"modified":"2021-04-27T10:02:51","modified_gmt":"2021-04-27T10:02:51","slug":"5202","status":"publish","type":"post","link":"https:\/\/www.ahat.cat\/es\/2021\/02\/5202\/","title":{"rendered":"Conveni de col\u00b7laboraci\u00f3 entre l\u2019Ajuntament de Calafell i l\u2019Arxiu Hist\u00f2ric Arxidioces\u00e0 de Tarragona"},"content":{"rendered":"<p>El conveni de col\u00b7laboraci\u00f3 signat pel Dr. Joan Planellas i Barnosells, i l\u2019Il\u00b7lm. Sr. Ramon Ferr\u00e9 Sol\u00e9, alcalde de Calafell, que tindr\u00e0 la durada d&#8217;un any prorrogable permetr\u00e0 la digitalitzaci\u00f3 del fons documental de la parr\u00f2quia de la Santa Creu de Calafell. El projecte de digitalitzaci\u00f3 s&#8217;ha dividit en dues fase. La primera s&#8217;executar\u00e0 al llarg del 2021 i l&#8217;any vinent es completar\u00e0 la digitalitzaci\u00f3 de tota la documentaci\u00f3 hist\u00f2ria de l&#8217;esmentada parr\u00f2quia. Un cop digitalitzada la documentaci\u00f3 es podr\u00e0 consultar a la secci\u00f3 de l&#8217;Arxiu en L\u00ednia.<\/p>\n","protected":false},"excerpt":{"rendered":"<p>El conveni de col\u00b7laboraci\u00f3 signat pel Dr. Joan Planellas i Barnosells, i l\u2019Il\u00b7lm. Sr. Ramon Ferr\u00e9 Sol\u00e9, alcalde de Calafell, que tindr\u00e0 la durada d&#8217;un any prorrogable permetr\u00e0 la digitalitzaci\u00f3 del fons documental de la parr\u00f2quia de la Santa Creu de Calafell. El projecte de digitalitzaci\u00f3 s&#8217;ha dividit en dues fase. La primera s&#8217;executar\u00e0 al [&hellip;]<\/p>\n","protected":false},"author":35,"featured_media":0,"comment_status":"closed","ping_status":"closed","sticky":false,"template":"","format":"standard","meta":{"footnotes":""},"categories":[596,745],"tags":[598,746,600],"class_list":["post-5202","post","type-post","status-publish","format-standard","hentry","category-actualitat-es","category-calafell-es","tag-calafell-es","tag-conveni-es","tag-digitalitzacio-es"],"amp_enabled":true,"_links":{"self":[{"href":"https:\/\/www.ahat.cat\/es\/wp-json\/wp\/v2\/posts\/5202","targetHints":{"allow":["GET"]}}],"collection":[{"href":"https:\/\/www.ahat.cat\/es\/wp-json\/wp\/v2\/posts"}],"about":[{"href":"https:\/\/www.ahat.cat\/es\/wp-json\/wp\/v2\/types\/post"}],"author":[{"embeddable":true,"href":"https:\/\/www.ahat.cat\/es\/wp-json\/wp\/v2\/users\/35"}],"replies":[{"embeddable":true,"href":"https:\/\/www.ahat.cat\/es\/wp-json\/wp\/v2\/comments?post=5202"}],"version-history":[{"count":2,"href":"https:\/\/www.ahat.cat\/es\/wp-json\/wp\/v2\/posts\/5202\/revisions"}],"predecessor-version":[{"id":5204,"href":"https:\/\/www.ahat.cat\/es\/wp-json\/wp\/v2\/posts\/5202\/revisions\/5204"}],"wp:attachment":[{"href":"https:\/\/www.ahat.cat\/es\/wp-json\/wp\/v2\/media?parent=5202"}],"wp:term":[{"taxonomy":"category","embeddable":true,"href":"https:\/\/www.ahat.cat\/es\/wp-json\/wp\/v2\/categories?post=5202"},{"taxonomy":"post_tag","embeddable":true,"href":"https:\/\/www.ahat.cat\/es\/wp-json\/wp\/v2\/tags?post=5202"}],"curies":[{"name":"wp","href":"https:\/\/api.w.org\/{rel}","templated":true}]}}