{"id":5103,"date":"2021-04-17T09:36:23","date_gmt":"2021-04-17T09:36:23","guid":{"rendered":"http:\/\/www.ahat.cat\/?p=5103"},"modified":"2021-04-23T09:45:16","modified_gmt":"2021-04-23T09:45:16","slug":"patrocinio-para-digitalizar-documentacion-relacionada-con-la-parroquia-de-cervia-de-les-garrigues-2","status":"publish","type":"post","link":"https:\/\/www.ahat.cat\/es\/2021\/04\/patrocinio-para-digitalizar-documentacion-relacionada-con-la-parroquia-de-cervia-de-les-garrigues-2\/","title":{"rendered":"Patrocinio para digitalizar documentaci\u00f3n relacionada con la parroquia de Cervi\u00e0 de les Garrigues"},"content":{"rendered":"<p>Un particular ha realizado una donaci\u00f3n para digitalizar la siguente cumentaci\u00f3n relacionada con la parroquia de Sant Miquel arc\u00e0ngel de Cervi\u00e0 de les Garrigues:<\/p>\n<p>Cervi\u00e0 de les Garrigues. Parr\u00f2quia de Sant Miquel arc\u00e0ngel<br \/>\n\u00abYndice de los libros contenidos en el archivo parroquial de Cervi\u00e1\u00bb (1922)<br \/>\n\u00abLlibre de la confraria dels fadrins del poble de Cervi\u00e0\u00bb (1880-1932)<\/p>\n<p>Secretaria de Cambra i Govern<br \/>\nCementiris<br \/>\nSobre el car\u00e0cter municipal o parroquial del cementiri de Cervi\u00e0 de les Garrigues (1896)<br \/>\nComunicaci\u00f3 prohibint l&#8217;enterrament de cad\u00e0vers dins de les esgl\u00e9sies per raons sanit\u00e0ries (1804)<br \/>\nComunicaci\u00f3 sobre la necessitat d&#8217;exigir nous drets d&#8217;enterrament en els cementiris constru\u00efts fora de les poblacions (1806)<br \/>\nComunicaci\u00f3 prohibint als clergues, tant seculars com regulars, tenir cementiris propis (1807)<br \/>\nComunicaci\u00f3 sobre l&#8217;exhumaci\u00f3 de cad\u00e0vers (1807)<br \/>\nComunicaci\u00f3 manant que, per tal d&#8217;evitar les epid\u00e8mies, s&#8217;han de bastir nous cementiris fora de les poblacions (1809)<\/p>\n<p>Vicariat i Oficialat Eclesi\u00e0stic<br \/>\nOratoris<br \/>\n\u201cExpediente de oratorio privado a favor de Salvador Ru\u00e9 viudo, de su hija e yerno Josefa Rue y Jaime M. consortes vecinos de Cervi\u00e0 con la extensi\u00f3n de que en ausencia de los oradores puedan sus consangu\u00edneos y afines que vivan en su compa\u00f1ia ordenar la celebraci\u00f3n de la santa misa\u00bb (1858)<br \/>\n\u00abExpediente de oratorio privado a favor de D.Salvador Manresa y D.Teresa Vilalta consortes vecinos de Cervi\u00e0 en virtud de Breve Apost\u00f3lico\u00bb (1878)<br \/>\n\u00abBenedicci\u00f3n de la capilla p\u00fablica de la casa de las hermanas descalzas de la 3\u00aa orden de la B.V Mar\u00eda del Carmen de Cervi\u00e1\u00bb (1909)<\/p>\n<p>Dispenses matrimonials<br \/>\n\u00abDispensa de cuarto grado de consanguinidad entre Jos\u00e9 Guiu y Maria Tost, solteros vecinos de Cervi\u00e1 (1870)<br \/>\n\u00abDispensa de Cuarto grado de Consanguinidad entre Jos\u00e9 Gasol y Maria Rubi\u00f3 solteros vecinos de Cervia mediante ser hijos de honestas y honradas familias\u00bb (1876)<br \/>\n\u00abDe dispensa del impedimento de Cuarto grado de Consanguinidad entre Sebasti\u00e1n Sim\u00f3 y Maria Alentorn, vecinos de Cervi\u00e1\u00bb (1879)<\/p>\n<p>Seminari de Sant Pau i Santa Tecla de Tarragona<br \/>\nExpedient de matr\u00edcula de Ramon Ru\u00e9 i Carr\u00e9, natural de Cervi\u00e0 de les Garrigues (1863-1865)<br \/>\nExpedient de matr\u00edcula de Francesc Mart\u00ed i Magri\u00f1\u00e0, natural de Cervi\u00e0 de les Garrigues (1875-1877)<br \/>\nExpedient de matr\u00edcula de Josep Ru\u00e9 i Rubi\u00f3, natural de Cervi\u00e0 de les Garrigues (1877-1883)<br \/>\nExpedient de matr\u00edcula de Miquel Ru\u00e9 i Rubi\u00f3, natural de Cervi\u00e0 de les Garrigues (1877-1887)<br \/>\nExpedient de matr\u00edcula de Josep Iglesias i Ru\u00e9, natural de Cervi\u00e0 de les Garrigues (1878-1884)<br \/>\nExpedient de matr\u00edcula de Jaume Salom\u00f3 i Capdevila, natural de Cervi\u00e0 de les Garrigues (1878-1883)<br \/>\nExpedient de matr\u00edcula de Josep Tost i Mart\u00ed, natural de Cervi\u00e0 de Les Garrigues (1879)<br \/>\nExpedient de matr\u00edcula de Sebasti\u00e0 Ru\u00e9 i Rubi\u00f3, natural de Cervi\u00e0 de Les Garrigues (1882)<br \/>\nExpedient de matr\u00edcula de Mateu Rubio i Farr\u00e9, natural de Cervi\u00e0 de les Garrigues (1884)<\/p>\n","protected":false},"excerpt":{"rendered":"<p>Un particular ha realizado una donaci\u00f3n para digitalizar la siguente cumentaci\u00f3n relacionada con la parroquia de Sant Miquel arc\u00e0ngel de Cervi\u00e0 de les Garrigues: Cervi\u00e0 de les Garrigues. Parr\u00f2quia de Sant Miquel arc\u00e0ngel \u00abYndice de los libros contenidos en el archivo parroquial de Cervi\u00e1\u00bb (1922) \u00abLlibre de la confraria dels fadrins del poble de Cervi\u00e0\u00bb [&hellip;]<\/p>\n","protected":false},"author":35,"featured_media":0,"comment_status":"closed","ping_status":"closed","sticky":false,"template":"","format":"standard","meta":{"footnotes":""},"categories":[596,507],"tags":[709,710,600,601,697,607,708],"class_list":["post-5103","post","type-post","status-publish","format-standard","hentry","category-actualitat-es","category-particulars-2","tag-cementiris-es","tag-cervia-de-les-garrigues-es","tag-digitalitzacio-es","tag-dispenses-matrimonials-es","tag-donacions-es","tag-particulars-es","tag-seminari-de-sant-pau-i-santa-tecla-de-tarragona-es"],"amp_enabled":true,"_links":{"self":[{"href":"https:\/\/www.ahat.cat\/es\/wp-json\/wp\/v2\/posts\/5103","targetHints":{"allow":["GET"]}}],"collection":[{"href":"https:\/\/www.ahat.cat\/es\/wp-json\/wp\/v2\/posts"}],"about":[{"href":"https:\/\/www.ahat.cat\/es\/wp-json\/wp\/v2\/types\/post"}],"author":[{"embeddable":true,"href":"https:\/\/www.ahat.cat\/es\/wp-json\/wp\/v2\/users\/35"}],"replies":[{"embeddable":true,"href":"https:\/\/www.ahat.cat\/es\/wp-json\/wp\/v2\/comments?post=5103"}],"version-history":[{"count":2,"href":"https:\/\/www.ahat.cat\/es\/wp-json\/wp\/v2\/posts\/5103\/revisions"}],"predecessor-version":[{"id":5110,"href":"https:\/\/www.ahat.cat\/es\/wp-json\/wp\/v2\/posts\/5103\/revisions\/5110"}],"wp:attachment":[{"href":"https:\/\/www.ahat.cat\/es\/wp-json\/wp\/v2\/media?parent=5103"}],"wp:term":[{"taxonomy":"category","embeddable":true,"href":"https:\/\/www.ahat.cat\/es\/wp-json\/wp\/v2\/categories?post=5103"},{"taxonomy":"post_tag","embeddable":true,"href":"https:\/\/www.ahat.cat\/es\/wp-json\/wp\/v2\/tags?post=5103"}],"curies":[{"name":"wp","href":"https:\/\/api.w.org\/{rel}","templated":true}]}}