{"id":4148,"date":"2017-01-08T08:24:54","date_gmt":"2017-01-08T08:24:54","guid":{"rendered":"http:\/\/www.ahat.cat\/2017\/01\/signes-del-temps-entrevista-a-mn-manuel-m-fuentes-i-gaso\/"},"modified":"2017-01-08T08:24:54","modified_gmt":"2017-01-08T08:24:54","slug":"signes-del-temps-entrevista-a-mn-manuel-m-fuentes-i-gaso","status":"publish","type":"post","link":"https:\/\/www.ahat.cat\/es\/2017\/01\/signes-del-temps-entrevista-a-mn-manuel-m-fuentes-i-gaso\/","title":{"rendered":"Signes del Temps entrevista a Mn. Manuel M. Fuentes i Gas\u00f3"},"content":{"rendered":"<p>El pasado 8 de enero el magac\u00edn de actualidad religiosa de Televisi\u00f3n de Catalu\u00f1a, Signes del Temps, emiti\u00f3 la entrevista con Mn. Manuel M. Fuentes y Gas\u00f3, historiador y director del Archivo Hist\u00f3rico Arquidiocesano de Tarragona, donde se habl\u00f3 sobre el proceso de digitalizaci\u00f3n de los documentos que el Archivo Hist\u00f3rico Arquidiocesano iniciado el a\u00f1o 2008. Asimismo, coment\u00f3 tambi\u00e9n la inauguraci\u00f3n los nuevos espacios de la Biblioteca del Seminario que el a\u00f1o 2014, que reabri\u00f3 sus puertas con el objetivo de acercar el rico patrimonio bibliogr\u00e1fico y documento que albergan las dos instituciones.<\/p>\n<p>&nbsp;<\/p>\n<p><iframe loading=\"lazy\" title=\"Entrevista a Mn. Manuel M. Fuentes i Gas\u00f3 sobre l&#039;AHAT i la BSPT\" width=\"640\" height=\"360\" src=\"https:\/\/www.youtube.com\/embed\/k8WobiMeMKU?list=PLPRC0b3CBZGAaK8d_aOqkZemWAp-OaSP8\" frameborder=\"0\" allow=\"accelerometer; autoplay; clipboard-write; encrypted-media; gyroscope; picture-in-picture; web-share\" referrerpolicy=\"strict-origin-when-cross-origin\" allowfullscreen><\/iframe><\/p>\n","protected":false},"excerpt":{"rendered":"<p>El pasado 8 de enero el magac\u00edn de actualidad religiosa de Televisi\u00f3n de Catalu\u00f1a, Signes del Temps, emiti\u00f3 la entrevista con Mn. Manuel M. Fuentes y Gas\u00f3, historiador y director del Archivo Hist\u00f3rico Arquidiocesano de Tarragona, donde se habl\u00f3 sobre el proceso de digitalizaci\u00f3n de los documentos que el Archivo Hist\u00f3rico Arquidiocesano iniciado el a\u00f1o [&hellip;]<\/p>\n","protected":false},"author":35,"featured_media":0,"comment_status":"closed","ping_status":"closed","sticky":false,"template":"","format":"standard","meta":{"footnotes":""},"categories":[],"tags":[],"class_list":["post-4148","post","type-post","status-publish","format-standard","hentry"],"amp_enabled":true,"_links":{"self":[{"href":"https:\/\/www.ahat.cat\/es\/wp-json\/wp\/v2\/posts\/4148","targetHints":{"allow":["GET"]}}],"collection":[{"href":"https:\/\/www.ahat.cat\/es\/wp-json\/wp\/v2\/posts"}],"about":[{"href":"https:\/\/www.ahat.cat\/es\/wp-json\/wp\/v2\/types\/post"}],"author":[{"embeddable":true,"href":"https:\/\/www.ahat.cat\/es\/wp-json\/wp\/v2\/users\/35"}],"replies":[{"embeddable":true,"href":"https:\/\/www.ahat.cat\/es\/wp-json\/wp\/v2\/comments?post=4148"}],"version-history":[{"count":0,"href":"https:\/\/www.ahat.cat\/es\/wp-json\/wp\/v2\/posts\/4148\/revisions"}],"wp:attachment":[{"href":"https:\/\/www.ahat.cat\/es\/wp-json\/wp\/v2\/media?parent=4148"}],"wp:term":[{"taxonomy":"category","embeddable":true,"href":"https:\/\/www.ahat.cat\/es\/wp-json\/wp\/v2\/categories?post=4148"},{"taxonomy":"post_tag","embeddable":true,"href":"https:\/\/www.ahat.cat\/es\/wp-json\/wp\/v2\/tags?post=4148"}],"curies":[{"name":"wp","href":"https:\/\/api.w.org\/{rel}","templated":true}]}}