{"id":3814,"date":"2010-08-17T11:59:42","date_gmt":"2010-08-17T11:59:42","guid":{"rendered":"http:\/\/www.ahat.cat\/2010\/08\/renovacion-del-convenio-del-colaboracion-con-el-ajuntament-de-la-pobla-de-mafumet\/"},"modified":"2010-08-17T11:59:42","modified_gmt":"2010-08-17T11:59:42","slug":"renovacion-del-convenio-del-colaboracion-con-el-ajuntament-de-la-pobla-de-mafumet","status":"publish","type":"post","link":"https:\/\/www.ahat.cat\/es\/2010\/08\/renovacion-del-convenio-del-colaboracion-con-el-ajuntament-de-la-pobla-de-mafumet\/","title":{"rendered":"Renovaci\u00f3n del convenio del colaboraci\u00f3n con el Ajuntament de la Pobla de Mafumet"},"content":{"rendered":"<p style=\"text-align: justify\">En la sesi\u00f3n de la junta de gobierno local del ayuntamiento de la Pobla de Mafumet celebrada el 4 de octubre de 2010 se aprob\u00f3 la renovaci\u00f3n del convenio firmado en el a\u00f1o 2008 para llevar a cabo la catalogaci\u00f3n, conservaci\u00f3n, restauraci\u00f3n y digitalizaci\u00f3n de un conjunto documental relativo a la parroquia de San Juan Bautista de la Pobla de Mafumet , as\u00ed como, la restauraci\u00f3n de un pergamino que contiene la venta de la jurisdicci\u00f3n de la Pobla de Mafumet, que hizo el 1439 Guillem de Montoliu al tesorero del cap\u00edtulo de la catedral de Tarragona.<\/p>\n","protected":false},"excerpt":{"rendered":"<p>En la sesi\u00f3n de la junta de gobierno local del ayuntamiento de la Pobla de Mafumet celebrada el 4 de octubre de 2010 se aprob\u00f3 la renovaci\u00f3n del convenio firmado en el a\u00f1o 2008 para llevar a cabo la catalogaci\u00f3n, conservaci\u00f3n, restauraci\u00f3n y digitalizaci\u00f3n de un conjunto documental relativo a la parroquia de San Juan [&hellip;]<\/p>\n","protected":false},"author":35,"featured_media":0,"comment_status":"closed","ping_status":"closed","sticky":false,"template":"","format":"standard","meta":{"footnotes":""},"categories":[589],"tags":[],"class_list":["post-3814","post","type-post","status-publish","format-standard","hentry","category-la-pobla-de-mafumet-3"],"amp_enabled":true,"_links":{"self":[{"href":"https:\/\/www.ahat.cat\/es\/wp-json\/wp\/v2\/posts\/3814","targetHints":{"allow":["GET"]}}],"collection":[{"href":"https:\/\/www.ahat.cat\/es\/wp-json\/wp\/v2\/posts"}],"about":[{"href":"https:\/\/www.ahat.cat\/es\/wp-json\/wp\/v2\/types\/post"}],"author":[{"embeddable":true,"href":"https:\/\/www.ahat.cat\/es\/wp-json\/wp\/v2\/users\/35"}],"replies":[{"embeddable":true,"href":"https:\/\/www.ahat.cat\/es\/wp-json\/wp\/v2\/comments?post=3814"}],"version-history":[{"count":0,"href":"https:\/\/www.ahat.cat\/es\/wp-json\/wp\/v2\/posts\/3814\/revisions"}],"wp:attachment":[{"href":"https:\/\/www.ahat.cat\/es\/wp-json\/wp\/v2\/media?parent=3814"}],"wp:term":[{"taxonomy":"category","embeddable":true,"href":"https:\/\/www.ahat.cat\/es\/wp-json\/wp\/v2\/categories?post=3814"},{"taxonomy":"post_tag","embeddable":true,"href":"https:\/\/www.ahat.cat\/es\/wp-json\/wp\/v2\/tags?post=3814"}],"curies":[{"name":"wp","href":"https:\/\/api.w.org\/{rel}","templated":true}]}}