{"id":3774,"date":"2009-04-01T21:37:06","date_gmt":"2009-04-01T21:37:06","guid":{"rendered":"http:\/\/www.ahat.cat\/2009\/04\/convenio-de-colaboracion-entre-el-ayuntamiento-de-perafort-y-el-arxiu-historic-arxidiocesa-de-tarragona\/"},"modified":"2009-04-01T21:37:06","modified_gmt":"2009-04-01T21:37:06","slug":"convenio-de-colaboracion-entre-el-ayuntamiento-de-perafort-y-el-arxiu-historic-arxidiocesa-de-tarragona","status":"publish","type":"post","link":"https:\/\/www.ahat.cat\/es\/2009\/04\/convenio-de-colaboracion-entre-el-ayuntamiento-de-perafort-y-el-arxiu-historic-arxidiocesa-de-tarragona\/","title":{"rendered":"Convenio de colaboraci\u00f3n entre el Ayuntamiento de Perafort y el Arxiu Hist\u00f2ric Arxidioces\u00e0 de Tarragona"},"content":{"rendered":"<p>Mn. Manuel Maria Fuentes i Gas\u00f3, director del Arxiu Hist\u00f2ric Arxidioces\u00e0 de Tarragona, y el Ilmo. Sr.\u00a0Joan Pla y Pla, alcalde de Perafort, firmaron el convenio de colaboraci\u00f3n que permitir\u00e1 la digitalizaci\u00f3n del fondo parroquial de San Pedro, ap\u00f3stol, de Perafort, as\u00ed como colaborar en el campo de la cultura, y m\u00e1s concretamente a\u00fan, en la restauraci\u00f3n del C\u00f3dice A y B.<\/p>\n<p><img loading=\"lazy\" decoding=\"async\" class=\"alignnone wp-image-772 size-medium\" src=\"http:\/\/ahat.wp.arqtgn.cat\/wp-content\/uploads\/sites\/21\/2014\/06\/IMG_7525-300x200.jpg\" alt=\"Conveni amb Perafort\" width=\"300\" height=\"200\" srcset=\"https:\/\/www.ahat.cat\/wp-content\/uploads\/sites\/21\/2014\/06\/IMG_7525-300x200.jpg 300w, https:\/\/www.ahat.cat\/wp-content\/uploads\/sites\/21\/2014\/06\/IMG_7525-1024x682.jpg 1024w\" sizes=\"auto, (max-width: 300px) 100vw, 300px\" \/><\/p>\n","protected":false},"excerpt":{"rendered":"<p>Mn. Manuel Maria Fuentes i Gas\u00f3, director del Arxiu Hist\u00f2ric Arxidioces\u00e0 de Tarragona, y el Ilmo. Sr.\u00a0Joan Pla y Pla, alcalde de Perafort, firmaron el convenio de colaboraci\u00f3n que permitir\u00e1 la digitalizaci\u00f3n del fondo parroquial de San Pedro, ap\u00f3stol, de Perafort, as\u00ed como colaborar en el campo de la cultura, y m\u00e1s concretamente a\u00fan, en [&hellip;]<\/p>\n","protected":false},"author":35,"featured_media":3477,"comment_status":"closed","ping_status":"closed","sticky":false,"template":"","format":"standard","meta":{"footnotes":""},"categories":[543],"tags":[],"class_list":["post-3774","post","type-post","status-publish","format-standard","has-post-thumbnail","hentry","category-perafort-2"],"amp_enabled":true,"_links":{"self":[{"href":"https:\/\/www.ahat.cat\/es\/wp-json\/wp\/v2\/posts\/3774","targetHints":{"allow":["GET"]}}],"collection":[{"href":"https:\/\/www.ahat.cat\/es\/wp-json\/wp\/v2\/posts"}],"about":[{"href":"https:\/\/www.ahat.cat\/es\/wp-json\/wp\/v2\/types\/post"}],"author":[{"embeddable":true,"href":"https:\/\/www.ahat.cat\/es\/wp-json\/wp\/v2\/users\/35"}],"replies":[{"embeddable":true,"href":"https:\/\/www.ahat.cat\/es\/wp-json\/wp\/v2\/comments?post=3774"}],"version-history":[{"count":0,"href":"https:\/\/www.ahat.cat\/es\/wp-json\/wp\/v2\/posts\/3774\/revisions"}],"wp:featuredmedia":[{"embeddable":true,"href":"https:\/\/www.ahat.cat\/es\/wp-json\/wp\/v2\/media\/3477"}],"wp:attachment":[{"href":"https:\/\/www.ahat.cat\/es\/wp-json\/wp\/v2\/media?parent=3774"}],"wp:term":[{"taxonomy":"category","embeddable":true,"href":"https:\/\/www.ahat.cat\/es\/wp-json\/wp\/v2\/categories?post=3774"},{"taxonomy":"post_tag","embeddable":true,"href":"https:\/\/www.ahat.cat\/es\/wp-json\/wp\/v2\/tags?post=3774"}],"curies":[{"name":"wp","href":"https:\/\/api.w.org\/{rel}","templated":true}]}}