{"id":3772,"date":"2009-03-30T22:19:16","date_gmt":"2009-03-30T22:19:16","guid":{"rendered":"http:\/\/www.ahat.cat\/2009\/03\/convenio-de-colaboracion-entre-el-ayuntamiento-de-vila-seca-y-el-arxiu-historic-arxidiocesa-de-tarragona\/"},"modified":"2009-03-30T22:19:16","modified_gmt":"2009-03-30T22:19:16","slug":"convenio-de-colaboracion-entre-el-ayuntamiento-de-vila-seca-y-el-arxiu-historic-arxidiocesa-de-tarragona","status":"publish","type":"post","link":"https:\/\/www.ahat.cat\/es\/2009\/03\/convenio-de-colaboracion-entre-el-ayuntamiento-de-vila-seca-y-el-arxiu-historic-arxidiocesa-de-tarragona\/","title":{"rendered":"Convenio de colaboraci\u00f3n entre el Ayuntamiento de Vila-seca y el Arxiu Hist\u00f2ric Arxidioces\u00e0 de Tarragona"},"content":{"rendered":"<p>El Excmo. y Rvdmo. Dr. Jaume Pujol Balcells, arzobispo de Tarragona y primado, y el Ilmo. Sr. Josep Poblet i Tous, alcalde de Vila-seca, firmaron el convenio de colaboraci\u00f3n por dos a\u00f1os que permitir\u00e1 la digitalizaci\u00f3n de la totalidad del fondo parroquial de San Esteban de Vila-seca.<\/p>\n<p><a href=\"http:\/\/ahat.wp.arqtgn.cat\/wp-content\/uploads\/sites\/21\/2014\/06\/IMG_7490.jpg\"><img loading=\"lazy\" decoding=\"async\" class=\"alignnone size-medium wp-image-773\" src=\"http:\/\/ahat.wp.arqtgn.cat\/wp-content\/uploads\/sites\/21\/2014\/06\/IMG_7490-300x200.jpg\" alt=\"Conveni amb Vila-seca\" width=\"300\" height=\"200\" srcset=\"https:\/\/www.ahat.cat\/wp-content\/uploads\/sites\/21\/2014\/06\/IMG_7490-300x200.jpg 300w, https:\/\/www.ahat.cat\/wp-content\/uploads\/sites\/21\/2014\/06\/IMG_7490-1024x682.jpg 1024w\" sizes=\"auto, (max-width: 300px) 100vw, 300px\" \/><\/a><\/p>\n","protected":false},"excerpt":{"rendered":"<p>El Excmo. y Rvdmo. Dr. Jaume Pujol Balcells, arzobispo de Tarragona y primado, y el Ilmo. Sr. Josep Poblet i Tous, alcalde de Vila-seca, firmaron el convenio de colaboraci\u00f3n por dos a\u00f1os que permitir\u00e1 la digitalizaci\u00f3n de la totalidad del fondo parroquial de San Esteban de Vila-seca.<\/p>\n","protected":false},"author":35,"featured_media":0,"comment_status":"closed","ping_status":"closed","sticky":false,"template":"","format":"standard","meta":{"footnotes":""},"categories":[545],"tags":[],"class_list":["post-3772","post","type-post","status-publish","format-standard","hentry","category-vila-seca-2"],"amp_enabled":true,"_links":{"self":[{"href":"https:\/\/www.ahat.cat\/es\/wp-json\/wp\/v2\/posts\/3772","targetHints":{"allow":["GET"]}}],"collection":[{"href":"https:\/\/www.ahat.cat\/es\/wp-json\/wp\/v2\/posts"}],"about":[{"href":"https:\/\/www.ahat.cat\/es\/wp-json\/wp\/v2\/types\/post"}],"author":[{"embeddable":true,"href":"https:\/\/www.ahat.cat\/es\/wp-json\/wp\/v2\/users\/35"}],"replies":[{"embeddable":true,"href":"https:\/\/www.ahat.cat\/es\/wp-json\/wp\/v2\/comments?post=3772"}],"version-history":[{"count":0,"href":"https:\/\/www.ahat.cat\/es\/wp-json\/wp\/v2\/posts\/3772\/revisions"}],"wp:attachment":[{"href":"https:\/\/www.ahat.cat\/es\/wp-json\/wp\/v2\/media?parent=3772"}],"wp:term":[{"taxonomy":"category","embeddable":true,"href":"https:\/\/www.ahat.cat\/es\/wp-json\/wp\/v2\/categories?post=3772"},{"taxonomy":"post_tag","embeddable":true,"href":"https:\/\/www.ahat.cat\/es\/wp-json\/wp\/v2\/tags?post=3772"}],"curies":[{"name":"wp","href":"https:\/\/api.w.org\/{rel}","templated":true}]}}