{"id":3740,"date":"2007-03-02T07:25:57","date_gmt":"2007-03-02T07:25:57","guid":{"rendered":"http:\/\/www.ahat.cat\/2007\/03\/acto-de-presentacion-de-la-web-del-arxiu-historic-arxidiocesa-de-tarragona\/"},"modified":"2007-03-02T07:25:57","modified_gmt":"2007-03-02T07:25:57","slug":"acto-de-presentacion-de-la-web-del-arxiu-historic-arxidiocesa-de-tarragona","status":"publish","type":"post","link":"https:\/\/www.ahat.cat\/es\/2007\/03\/acto-de-presentacion-de-la-web-del-arxiu-historic-arxidiocesa-de-tarragona\/","title":{"rendered":"Acto de presentaci\u00f3n de la web del Arxiu Hist\u00f2ric Arxidioces\u00e0 de Tarragona"},"content":{"rendered":"<p id=\"tw-target-text\" class=\"tw-data-text vk_txt tw-ta tw-text-small\" dir=\"ltr\" data-placeholder=\"Traducci\u00f3\">En nuestra sociedad la <strong>difusi\u00f3n cultural y la proyecci\u00f3n social se han convertido en dos de las tareas m\u00e1s importantes desarrolladas por los archivos<\/strong>. La difusi\u00f3n cultural, en nuestro caso , tiene como finalidad que el AHAT deje de ser un desconocido para gran parte de la poblaci\u00f3n.<\/p>\n<p class=\"tw-data-text vk_txt tw-ta tw-text-small\" dir=\"ltr\" data-placeholder=\"Traducci\u00f3\">Se pretende que se le conozca y se puedan valorar las tareas cotidianas que desarrolla &#8211;<strong>folletos informativos, publicaci\u00f3n de los instrumentos de trabajo , exposiciones , formaci\u00f3n archiv\u00edstica, etc<\/strong>-. La proyecci\u00f3n social quiere potenciar todo aquello que nos permite Copco el impacto del AHAT en su entorno pr\u00f3ximo o lejano -parroquias , prensa, sociedad, mundo universitario, etc-.<\/p>\n<p class=\"tw-data-text vk_txt tw-ta tw-text-small\" dir=\"ltr\" data-placeholder=\"Traducci\u00f3\">La web que hoy hemos presentado quiere ser una expresi\u00f3n, viva y actual, de todo aquello que el AHAT quiere y representa desde su ya lejana fundaci\u00f3n.<\/p>\n<p class=\"tw-data-text vk_txt tw-ta tw-text-small\" dir=\"ltr\" data-placeholder=\"Traducci\u00f3\"><a href=\"http:\/\/ahat.wp.arqtgn.cat\/wp-content\/uploads\/sites\/21\/2015\/02\/web01.jpg\" target=\"_blank\"><img loading=\"lazy\" decoding=\"async\" class=\"alignnone wp-image-1449 size-thumbnail\" src=\"http:\/\/ahat.wp.arqtgn.cat\/wp-content\/uploads\/sites\/21\/2015\/02\/web01-150x150.jpg\" alt=\"web01\" width=\"150\" height=\"150\" \/><\/a><a href=\"http:\/\/ahat.wp.arqtgn.cat\/wp-content\/uploads\/sites\/21\/2015\/02\/web03.jpg\" target=\"_blank\"><img loading=\"lazy\" decoding=\"async\" class=\"alignnone wp-image-1447 size-thumbnail\" src=\"http:\/\/ahat.wp.arqtgn.cat\/wp-content\/uploads\/sites\/21\/2015\/02\/web03-150x150.jpg\" alt=\"web03\" width=\"150\" height=\"150\" \/><\/a> <a href=\"http:\/\/ahat.wp.arqtgn.cat\/wp-content\/uploads\/sites\/21\/2015\/02\/web04.jpg\" target=\"_blank\"><img loading=\"lazy\" decoding=\"async\" class=\"alignnone wp-image-1446 size-thumbnail\" src=\"http:\/\/ahat.wp.arqtgn.cat\/wp-content\/uploads\/sites\/21\/2015\/02\/web04-150x150.jpg\" alt=\"web04\" width=\"150\" height=\"150\" \/><\/a> <a href=\"http:\/\/ahat.wp.arqtgn.cat\/wp-content\/uploads\/sites\/21\/2015\/02\/web05.jpg\" target=\"_blank\"><img loading=\"lazy\" decoding=\"async\" class=\"alignnone wp-image-1445 size-thumbnail\" src=\"http:\/\/ahat.wp.arqtgn.cat\/wp-content\/uploads\/sites\/21\/2015\/02\/web05-150x150.jpg\" alt=\"web05\" width=\"150\" height=\"150\" \/><\/a><a href=\"http:\/\/ahat.wp.arqtgn.cat\/wp-content\/uploads\/sites\/21\/2015\/02\/web02.jpg\" target=\"_blank\"><img loading=\"lazy\" decoding=\"async\" class=\"alignnone wp-image-1448 size-thumbnail\" src=\"http:\/\/ahat.wp.arqtgn.cat\/wp-content\/uploads\/sites\/21\/2015\/02\/web02-150x150.jpg\" alt=\"web02\" width=\"150\" height=\"150\" \/><\/a><\/p>\n","protected":false},"excerpt":{"rendered":"<p>En nuestra sociedad la difusi\u00f3n cultural y la proyecci\u00f3n social se han convertido en dos de las tareas m\u00e1s importantes desarrolladas por los archivos. La difusi\u00f3n cultural, en nuestro caso , tiene como finalidad que el AHAT deje de ser un desconocido para gran parte de la poblaci\u00f3n. Se pretende que se le conozca y [&hellip;]<\/p>\n","protected":false},"author":35,"featured_media":0,"comment_status":"closed","ping_status":"closed","sticky":false,"template":"","format":"standard","meta":{"footnotes":""},"categories":[530,592],"tags":[501],"class_list":["post-3740","post","type-post","status-publish","format-standard","hentry","category-any-2007","category-presentacio-del-web-de-lahat-2","tag-presentacion"],"amp_enabled":true,"_links":{"self":[{"href":"https:\/\/www.ahat.cat\/es\/wp-json\/wp\/v2\/posts\/3740","targetHints":{"allow":["GET"]}}],"collection":[{"href":"https:\/\/www.ahat.cat\/es\/wp-json\/wp\/v2\/posts"}],"about":[{"href":"https:\/\/www.ahat.cat\/es\/wp-json\/wp\/v2\/types\/post"}],"author":[{"embeddable":true,"href":"https:\/\/www.ahat.cat\/es\/wp-json\/wp\/v2\/users\/35"}],"replies":[{"embeddable":true,"href":"https:\/\/www.ahat.cat\/es\/wp-json\/wp\/v2\/comments?post=3740"}],"version-history":[{"count":0,"href":"https:\/\/www.ahat.cat\/es\/wp-json\/wp\/v2\/posts\/3740\/revisions"}],"wp:attachment":[{"href":"https:\/\/www.ahat.cat\/es\/wp-json\/wp\/v2\/media?parent=3740"}],"wp:term":[{"taxonomy":"category","embeddable":true,"href":"https:\/\/www.ahat.cat\/es\/wp-json\/wp\/v2\/categories?post=3740"},{"taxonomy":"post_tag","embeddable":true,"href":"https:\/\/www.ahat.cat\/es\/wp-json\/wp\/v2\/tags?post=3740"}],"curies":[{"name":"wp","href":"https:\/\/api.w.org\/{rel}","templated":true}]}}