{"id":3732,"date":"2006-10-19T08:00:52","date_gmt":"2006-10-19T08:00:52","guid":{"rendered":"http:\/\/www.ahat.cat\/2006\/10\/curso-de-introduccion-a-la-recerca-genealogica\/"},"modified":"2006-10-19T08:00:52","modified_gmt":"2006-10-19T08:00:52","slug":"curso-de-introduccion-a-la-recerca-genealogica","status":"publish","type":"post","link":"https:\/\/www.ahat.cat\/es\/2006\/10\/curso-de-introduccion-a-la-recerca-genealogica\/","title":{"rendered":"Curso de Introducci\u00f3n a la Recerca Geneal\u00f3gica"},"content":{"rendered":"<p id=\"tw-target-text\" class=\"tw-data-text vk_txt tw-ta tw-text-small\" dir=\"ltr\" data-placeholder=\"Traducci\u00f3\">El <strong>Curso de Introducci\u00f3n a la Investigaci\u00f3n Geneal\u00f3gica<\/strong> , te\u00f3rico y pr\u00e1ctico, ser\u00e1 impartici\u00f3n por <strong>Manuel G\u00fcell Junkert<\/strong>, diplomado en genealog\u00eda, <strong>Salvador J. Rovira G\u00f3mez<\/strong>, profesor de Historia Moderna de la URV, <strong>Josep Casals<\/strong>, creador del Sistema General de Documentaci\u00f3n Familiar (GDS), <strong>Manuel M. Fuentes i Gas\u00f3<\/strong>, director del AHAT, y <strong>Joan M. Quijada Bosch<\/strong>, t\u00e9cnico del AHAT .<\/p>\n<p class=\"tw-data-text vk_txt tw-ta tw-text-small\" dir=\"ltr\" data-placeholder=\"Traducci\u00f3\">El objetivo del curso es formar , con una serie de conocimientos b\u00e1sicos, a todas aquellas personas interesadas con este mundo de la genealog\u00eda.<\/p>\n<p><a href=\"http:\/\/ahat.wp.arqtgn.cat\/wp-content\/uploads\/sites\/21\/2014\/06\/2006-Cartell_del_curs_d_introduccio_a_la_recerca_genealogica.pdf\" target=\"_blank\"><img loading=\"lazy\" decoding=\"async\" class=\"alignleft wp-image-412 \" src=\"http:\/\/ahat.wp.arqtgn.cat\/wp-content\/uploads\/sites\/21\/2010\/01\/Sense-t\u00edtol-208x300.jpg\" alt=\"Sense t\u00edtol\" width=\"139\" height=\"200\" srcset=\"https:\/\/www.ahat.cat\/wp-content\/uploads\/sites\/21\/2010\/01\/Sense-t\u00edtol-208x300.jpg 208w, https:\/\/www.ahat.cat\/wp-content\/uploads\/sites\/21\/2010\/01\/Sense-t\u00edtol.jpg 388w\" sizes=\"auto, (max-width: 139px) 100vw, 139px\" \/><\/a><a href=\"http:\/\/ahat.wp.arqtgn.cat\/wp-content\/uploads\/sites\/21\/2014\/06\/2006-Diptic_del_curs_de_recerca_genealogica.pdf\" target=\"_blank\"><img loading=\"lazy\" decoding=\"async\" class=\"alignleft wp-image-974\" src=\"http:\/\/ahat.wp.arqtgn.cat\/wp-content\/uploads\/sites\/21\/2014\/06\/CursGenealogia-diptic.jpg\" alt=\"CursGenealogia-diptic\" width=\"140\" height=\"198\" \/><\/a><\/p>\n","protected":false},"excerpt":{"rendered":"<p>El Curso de Introducci\u00f3n a la Investigaci\u00f3n Geneal\u00f3gica , te\u00f3rico y pr\u00e1ctico, ser\u00e1 impartici\u00f3n por Manuel G\u00fcell Junkert, diplomado en genealog\u00eda, Salvador J. Rovira G\u00f3mez, profesor de Historia Moderna de la URV, Josep Casals, creador del Sistema General de Documentaci\u00f3n Familiar (GDS), Manuel M. Fuentes i Gas\u00f3, director del AHAT, y Joan M. Quijada Bosch, [&hellip;]<\/p>\n","protected":false},"author":35,"featured_media":0,"comment_status":"closed","ping_status":"closed","sticky":false,"template":"","format":"standard","meta":{"footnotes":""},"categories":[584],"tags":[495],"class_list":["post-3732","post","type-post","status-publish","format-standard","hentry","category-curs-dintroduccio-a-la-recerca-genealogica-2","tag-genealogia-2"],"amp_enabled":true,"_links":{"self":[{"href":"https:\/\/www.ahat.cat\/es\/wp-json\/wp\/v2\/posts\/3732","targetHints":{"allow":["GET"]}}],"collection":[{"href":"https:\/\/www.ahat.cat\/es\/wp-json\/wp\/v2\/posts"}],"about":[{"href":"https:\/\/www.ahat.cat\/es\/wp-json\/wp\/v2\/types\/post"}],"author":[{"embeddable":true,"href":"https:\/\/www.ahat.cat\/es\/wp-json\/wp\/v2\/users\/35"}],"replies":[{"embeddable":true,"href":"https:\/\/www.ahat.cat\/es\/wp-json\/wp\/v2\/comments?post=3732"}],"version-history":[{"count":0,"href":"https:\/\/www.ahat.cat\/es\/wp-json\/wp\/v2\/posts\/3732\/revisions"}],"wp:attachment":[{"href":"https:\/\/www.ahat.cat\/es\/wp-json\/wp\/v2\/media?parent=3732"}],"wp:term":[{"taxonomy":"category","embeddable":true,"href":"https:\/\/www.ahat.cat\/es\/wp-json\/wp\/v2\/categories?post=3732"},{"taxonomy":"post_tag","embeddable":true,"href":"https:\/\/www.ahat.cat\/es\/wp-json\/wp\/v2\/tags?post=3732"}],"curies":[{"name":"wp","href":"https:\/\/api.w.org\/{rel}","templated":true}]}}