{"id":778,"count":1,"description":"","link":"https:\/\/www.ahat.cat\/es\/category\/accion-cultural\/ano-2022\/vi-jornades-dhistoria-mn-sanc-capdevila-i-felip-el-patrimoni-documental-i-bibliografic-durant-la-guerra-civil-espanyola-es\/","name":"VI jornades d'Hist\u00f2ria Mn. San\u00e7 Capdevila i Felip. El patrimoni documental i bibliogr\u00e0fic durant la Guerra Civil espanyola","slug":"vi-jornades-dhistoria-mn-sanc-capdevila-i-felip-el-patrimoni-documental-i-bibliografic-durant-la-guerra-civil-espanyola-es","taxonomy":"category","parent":777,"meta":[],"_links":{"self":[{"href":"https:\/\/www.ahat.cat\/es\/wp-json\/wp\/v2\/categories\/778","targetHints":{"allow":["GET"]}}],"collection":[{"href":"https:\/\/www.ahat.cat\/es\/wp-json\/wp\/v2\/categories"}],"about":[{"href":"https:\/\/www.ahat.cat\/es\/wp-json\/wp\/v2\/taxonomies\/category"}],"up":[{"embeddable":true,"href":"https:\/\/www.ahat.cat\/es\/wp-json\/wp\/v2\/categories\/777"}],"wp:post_type":[{"href":"https:\/\/www.ahat.cat\/es\/wp-json\/wp\/v2\/posts?categories=778"}],"curies":[{"name":"wp","href":"https:\/\/api.w.org\/{rel}","templated":true}]}}