{"id":5953,"date":"2024-01-05T14:19:00","date_gmt":"2024-01-05T14:19:00","guid":{"rendered":"http:\/\/www.ahat.cat\/?p=5953"},"modified":"2024-05-29T09:13:42","modified_gmt":"2024-05-29T09:13:42","slug":"presentacio-del-llibre-mn-miquel-rue-i-rubio-una-vida-al-servei-de-la-musica-i-lesglesia-2","status":"publish","type":"post","link":"http:\/\/www.ahat.cat\/es\/2024\/01\/presentacio-del-llibre-mn-miquel-rue-i-rubio-una-vida-al-servei-de-la-musica-i-lesglesia-2\/","title":{"rendered":"Presentaci\u00f3 del llibre \u00abMn. Miquel Ru\u00e9 i Rubi\u00f3. Una vida al servei de la m\u00fasica i l&#8217;Esgl\u00e9sia\u00bb"},"content":{"rendered":"\n<p>El pr\u00f2xim dissabte 13 de gener, a les 12 del migdia, tindr\u00e0 lloc al claustre de Sant Pau del Centre Tarraconense \u00abEl Seminari\u00bb la presentaci\u00f3 del llibre <strong>\u00abMn. Miquel Ru\u00e9 i Rubi\u00f3. Una vida al servei de la m\u00fasica i l&#8217;Esgl\u00e9sia\u00bb<\/strong>, obra de la Dra. Montserrat Canela Grau i del Dr. Josep Maria Salisi Clos.<\/p>\n\n\n\n<p>Durant l&#8217;acte hi haur\u00e0 la presentaci\u00f3 d&#8217;una selecci\u00f3 d&#8217;obres musicals del fons documental de Mn. Miquel Ru\u00e9 i Rubi\u00f3 interpretades pel Cor de Cambra Absis i el grup Krregades de Roman\u00e7os.<\/p>\n\n\n\n<p>Ens agradaria comptar amb la vostra pres\u00e8ncia.<\/p>\n\n\n\n<p>Es prega confirmaci\u00f3 de la vostra assist\u00e8ncia al tel\u00e8fon 977 253 360 o b\u00e9 per correu electr\u00f2nic, a l&#8217;adre\u00e7a arxiu.historic@arqtgn.cat<\/p>\n\n\n<div class=\"wp-block-image\">\n<figure class=\"aligncenter\"><a href=\"http:\/\/www.ahat.cat\/wp-content\/uploads\/sites\/21\/2024\/01\/Targeto-Mn.-Miquel-Rue-i-Rubio.pdf\"><img loading=\"lazy\" decoding=\"async\" width=\"1024\" height=\"689\" src=\"http:\/\/www.ahat.cat\/wp-content\/uploads\/sites\/21\/2024\/01\/Targeto-Mn.-Miquel-Rue-i-Rubio-1024x689.jpg\" alt=\"\" class=\"wp-image-5886\" srcset=\"http:\/\/www.ahat.cat\/wp-content\/uploads\/sites\/21\/2024\/01\/Targeto-Mn.-Miquel-Rue-i-Rubio-1024x689.jpg 1024w, http:\/\/www.ahat.cat\/wp-content\/uploads\/sites\/21\/2024\/01\/Targeto-Mn.-Miquel-Rue-i-Rubio-300x202.jpg 300w, http:\/\/www.ahat.cat\/wp-content\/uploads\/sites\/21\/2024\/01\/Targeto-Mn.-Miquel-Rue-i-Rubio-768x517.jpg 768w, http:\/\/www.ahat.cat\/wp-content\/uploads\/sites\/21\/2024\/01\/Targeto-Mn.-Miquel-Rue-i-Rubio-1536x1034.jpg 1536w, http:\/\/www.ahat.cat\/wp-content\/uploads\/sites\/21\/2024\/01\/Targeto-Mn.-Miquel-Rue-i-Rubio-2048x1378.jpg 2048w\" sizes=\"auto, (max-width: 1024px) 100vw, 1024px\" \/><\/a><\/figure>\n<\/div>","protected":false},"excerpt":{"rendered":"<p>El pr\u00f2xim dissabte 13 de gener, a les 12 del migdia, tindr\u00e0 lloc al claustre de Sant Pau del Centre Tarraconense \u00abEl Seminari\u00bb la presentaci\u00f3 del llibre \u00abMn. Miquel Ru\u00e9 i Rubi\u00f3. Una vida al servei de la m\u00fasica i l&#8217;Esgl\u00e9sia\u00bb, obra de la Dra. Montserrat Canela Grau i del Dr. Josep Maria Salisi Clos. [&hellip;]<\/p>\n","protected":false},"author":35,"featured_media":0,"comment_status":"closed","ping_status":"closed","sticky":false,"template":"","format":"standard","meta":{"footnotes":""},"categories":[596,838,842],"tags":[],"class_list":["post-5953","post","type-post","status-publish","format-standard","hentry","category-actualitat-es","category-ano-2024","category-presentacio-del-llibre-mn-miquel-rue-i-rubio-una-vida-al-servei-de-la-musica-i-lesglesia-es"],"amp_enabled":true,"_links":{"self":[{"href":"http:\/\/www.ahat.cat\/es\/wp-json\/wp\/v2\/posts\/5953","targetHints":{"allow":["GET"]}}],"collection":[{"href":"http:\/\/www.ahat.cat\/es\/wp-json\/wp\/v2\/posts"}],"about":[{"href":"http:\/\/www.ahat.cat\/es\/wp-json\/wp\/v2\/types\/post"}],"author":[{"embeddable":true,"href":"http:\/\/www.ahat.cat\/es\/wp-json\/wp\/v2\/users\/35"}],"replies":[{"embeddable":true,"href":"http:\/\/www.ahat.cat\/es\/wp-json\/wp\/v2\/comments?post=5953"}],"version-history":[{"count":1,"href":"http:\/\/www.ahat.cat\/es\/wp-json\/wp\/v2\/posts\/5953\/revisions"}],"predecessor-version":[{"id":5954,"href":"http:\/\/www.ahat.cat\/es\/wp-json\/wp\/v2\/posts\/5953\/revisions\/5954"}],"wp:attachment":[{"href":"http:\/\/www.ahat.cat\/es\/wp-json\/wp\/v2\/media?parent=5953"}],"wp:term":[{"taxonomy":"category","embeddable":true,"href":"http:\/\/www.ahat.cat\/es\/wp-json\/wp\/v2\/categories?post=5953"},{"taxonomy":"post_tag","embeddable":true,"href":"http:\/\/www.ahat.cat\/es\/wp-json\/wp\/v2\/tags?post=5953"}],"curies":[{"name":"wp","href":"https:\/\/api.w.org\/{rel}","templated":true}]}}