{"id":4224,"date":"2018-06-07T06:50:53","date_gmt":"2018-06-07T06:50:53","guid":{"rendered":"http:\/\/www.ahat.cat\/2018\/06\/convenio-de-colaboracion-entre-el-ayuntamiento-de-sarral-y-el-arxiu-historic-arxidiocesa-de-tarragona\/"},"modified":"2018-06-07T06:50:53","modified_gmt":"2018-06-07T06:50:53","slug":"convenio-de-colaboracion-entre-el-ayuntamiento-de-sarral-y-el-arxiu-historic-arxidiocesa-de-tarragona","status":"publish","type":"post","link":"http:\/\/www.ahat.cat\/es\/2018\/06\/convenio-de-colaboracion-entre-el-ayuntamiento-de-sarral-y-el-arxiu-historic-arxidiocesa-de-tarragona\/","title":{"rendered":"Convenio de colaboraci\u00f3n entre el Ayuntamiento de Sarral y el Arxiu Hist\u00f2ric Arxidioces\u00e0 de Tarragona"},"content":{"rendered":"<p>El conveni de col\u00b7laboraci\u00f3 signat pel Dr. Jaume Pujol i Balcells, arquebisbe de Tarragona i primat, i l\u2019Il\u00b7lm. Sr. Josep Amill Canela, alcalde de Sarral, tindr\u00e0 una durada de dos anys i permetr\u00e0 la digitalitzaci\u00f3 de tota la documentaci\u00f3 dels fons parroquials de Santa Maria de Sarral i Sant Lloren\u00e7 de Montbri\u00f3 de la Marca dipositats a l&#8217;AHAT, per tal de posar-la a l\u2019abast de la ciutadania a trav\u00e9s de la web de l\u2019AHAT.<\/p>\n<p><a href=\"http:\/\/ahat.wp.arqtgn.cat\/wp-content\/uploads\/sites\/21\/2018\/06\/ConvAHAT-Sarral_006.jpg\" target=\"_blank\" rel=\"noopener\"><img loading=\"lazy\" decoding=\"async\" class=\"alignleft wp-image-3291 size-medium\" src=\"http:\/\/ahat.wp.arqtgn.cat\/wp-content\/uploads\/sites\/21\/2018\/06\/ConvAHAT-Sarral_006-300x200.jpg\" alt=\"\" width=\"300\" height=\"200\" srcset=\"http:\/\/www.ahat.cat\/wp-content\/uploads\/sites\/21\/2018\/06\/ConvAHAT-Sarral_006-300x200.jpg 300w, http:\/\/www.ahat.cat\/wp-content\/uploads\/sites\/21\/2018\/06\/ConvAHAT-Sarral_006-768x512.jpg 768w, http:\/\/www.ahat.cat\/wp-content\/uploads\/sites\/21\/2018\/06\/ConvAHAT-Sarral_006-1024x683.jpg 1024w\" sizes=\"auto, (max-width: 300px) 100vw, 300px\" \/><\/a><\/p>\n<p>&nbsp;<\/p>\n<p>&nbsp;<\/p>\n","protected":false},"excerpt":{"rendered":"<p>El conveni de col\u00b7laboraci\u00f3 signat pel Dr. Jaume Pujol i Balcells, arquebisbe de Tarragona i primat, i l\u2019Il\u00b7lm. Sr. Josep Amill Canela, alcalde de Sarral, tindr\u00e0 una durada de dos anys i permetr\u00e0 la digitalitzaci\u00f3 de tota la documentaci\u00f3 dels fons parroquials de Santa Maria de Sarral i Sant Lloren\u00e7 de Montbri\u00f3 de la Marca [&hellip;]<\/p>\n","protected":false},"author":35,"featured_media":0,"comment_status":"closed","ping_status":"closed","sticky":false,"template":"","format":"standard","meta":{"footnotes":""},"categories":[],"tags":[],"class_list":["post-4224","post","type-post","status-publish","format-standard","hentry"],"amp_enabled":true,"_links":{"self":[{"href":"http:\/\/www.ahat.cat\/es\/wp-json\/wp\/v2\/posts\/4224","targetHints":{"allow":["GET"]}}],"collection":[{"href":"http:\/\/www.ahat.cat\/es\/wp-json\/wp\/v2\/posts"}],"about":[{"href":"http:\/\/www.ahat.cat\/es\/wp-json\/wp\/v2\/types\/post"}],"author":[{"embeddable":true,"href":"http:\/\/www.ahat.cat\/es\/wp-json\/wp\/v2\/users\/35"}],"replies":[{"embeddable":true,"href":"http:\/\/www.ahat.cat\/es\/wp-json\/wp\/v2\/comments?post=4224"}],"version-history":[{"count":0,"href":"http:\/\/www.ahat.cat\/es\/wp-json\/wp\/v2\/posts\/4224\/revisions"}],"wp:attachment":[{"href":"http:\/\/www.ahat.cat\/es\/wp-json\/wp\/v2\/media?parent=4224"}],"wp:term":[{"taxonomy":"category","embeddable":true,"href":"http:\/\/www.ahat.cat\/es\/wp-json\/wp\/v2\/categories?post=4224"},{"taxonomy":"post_tag","embeddable":true,"href":"http:\/\/www.ahat.cat\/es\/wp-json\/wp\/v2\/tags?post=4224"}],"curies":[{"name":"wp","href":"https:\/\/api.w.org\/{rel}","templated":true}]}}