{"id":4180,"date":"2017-04-21T07:50:47","date_gmt":"2017-04-21T07:50:47","guid":{"rendered":"http:\/\/www.ahat.cat\/2017\/04\/nueva-documentacion-digitalizada-en-el-web-del-ahat\/"},"modified":"2017-04-21T07:50:47","modified_gmt":"2017-04-21T07:50:47","slug":"nueva-documentacion-digitalizada-en-el-web-del-ahat","status":"publish","type":"post","link":"http:\/\/www.ahat.cat\/es\/2017\/04\/nueva-documentacion-digitalizada-en-el-web-del-ahat\/","title":{"rendered":"Nueva documentaci\u00f3n digitalizada en el web del AHAT"},"content":{"rendered":"<p>Seguimos trabajando para poner al alcance de todos nuestro patrimonio documental gracias a la digitalizaci\u00f3n.<\/p>\n<p>A continuaci\u00f3n el listado de la documentaci\u00f3n que ya se puede consultar en la web del AHAT gracias al patrocinio de ayuntamientos, instituciones, empresas y particulares:<\/p>\n<p><strong>Botarell. Parr\u00f2quia de Sant Lloren\u00e7, diaca i m\u00e0rtir. Gr\u00e0cies al patrocini del Sr. Carles Maristany Ti\u00f3<\/strong><br \/>\nManual notarial (1577-1603)<\/p>\n<p><strong>Cervi\u00e0 de les Garrigues. Parr\u00f2quia de Sant Miquel arc\u00e0ngel. Gr\u00e0cies al patrocini d\u2019un particular<\/strong><br \/>\nTestaments (1701-1778)<br \/>\nTestaments (1844-1884)<\/p>\n<p><strong>Fulleda. Parr\u00f2quia de Santa Maria. Gr\u00e0cies al patrocini de l&#8217;Ajuntament de Fulleda<\/strong><br \/>\n\u00abEdicte que cont\u00e9 la nova disposici\u00f3 de la present vicaria de Fulleda\u00bb (1772)<br \/>\n\u00abDecret de la visita de Fulleda\u00bb (1620)<br \/>\nManaments de visita pastoral (1652)<br \/>\nLlevador de censos del benefici de Sant Blai (1795-1806)<br \/>\nLlevador de censos del benefici de Sant Blai (1772-1791)<br \/>\n\u00abLlevador dels censos de blat bo y bell fon los de la Espluga Calba al reverent vicari de Fulleda com a obtentor del benefici de Sant Blay fundat en la Espluga Calba y unit a la vicaria perpetua de Fulleda\u00bb [Darrer quart del segle XVIII]<br \/>\n\u00abCensos de blat que corresponen alguns particulars de la Espluga Calba al vicari de Fulleda com a obtentor del benefici de Sant Blay\u00bb (1807-1809)<br \/>\n\u00abLlevador de las missas y aniversaris de obligaci\u00f3 se han de celebrar en la present igl\u00e9sia de Fulleda en lo discurs del any fet per lo regent la cura de animes de dit lloch\u00bb (1709-1717)<br \/>\n\u00abLlevador de las mises y aniversaris se han de selebrar en la vicaria de Fulleda en lo discurs del any fet per mi Andreu Roig, rector, vuy els 12 de mars del any de 1650\u00bb (1650-1672)<\/p>\n<p><strong>Omellons, els. Parr\u00f2quia de Sant Miquel arc\u00e0ngel. Gr\u00e0cies al patrocini del Sr. Marc Barella Hern\u00e0ndez<\/strong><br \/>\nTestaments (1793-1806)<\/p>\n<p><strong>Reus. Parr\u00f2quia de Sant Pere ap\u00f2stol de Reus<\/strong><br \/>\n<strong>Gr\u00e0cies al patorcini de Dinser Servicios Inform\u00e1ticos<\/strong><br \/>\nLlibre de baptismes (1719-1740)<br \/>\nLlibre de baptismes (1741-1759)<br \/>\nLlibre de baptismes (1760-1772)<br \/>\nLlibre de baptismes (1773-1779)<br \/>\nLlibre de baptismes (1780-1783)<br \/>\nLlibre de baptismes (1784-1787)<br \/>\nLlibre de baptismes (1793-1797)<br \/>\nLlibre de baptismes (1798-1801)<\/p>\n<p><strong>Gr\u00e0cies al patrocini d&#8217;un particular<\/strong><br \/>\nLlibre de baptismes de matrimonis civils (1869-1897)<\/p>\n<p><strong>Ulldemolins. Parr\u00f2quia de Sant Jaume ap\u00f2stol<\/strong><br \/>\nManual notarial -inclou \u00f2bits- (1528-1533)<\/p>\n<p><strong>Vila-rodona. Parr\u00f2quia de Santa Maria. Gr\u00e0cies al patrocini del Sr. Eduard Obrad\u00f3 Llaurad\u00f3<\/strong><br \/>\nLlibre de matrimonis (1745-1800)<\/p>\n<p><strong>Dispenses matrimonials<\/strong><br \/>\n<strong>Gr\u00e0cies la patrocini del Sr. Marc Barella Hern\u00e1ndez<\/strong><br \/>\n\u00abExpediente de dispensa de 4to grado de consanguinidad entre Francisco Rosell\u00f3 y Josefa Minguell vecinos de Guimer\u00e1. Infamia cum copula\u00bb (1829)<br \/>\n\u00abDeclaracion de cuarto y quinto grados de consanguinidad de Ramon Armengol y Pi\u00f1ol y Madalena Minguell y Minguell solteros vecinos de Guimer\u00e0\u00bb (1854)<\/p>\n<p><strong>Gr\u00e0cies al patrocini de la Sra. Cristina Barastegui Baget<\/strong><br \/>\n\u00abDeclaracion de Cuarto con Quinto grados de consanguinidad entre Jos\u00e9 Pier y Maria Baget solteros vecinios de la Selva\u00bb.<\/p>\n<p><strong>Gr\u00e0cies al patrocini d&#8217;un particular<\/strong><br \/>\n\u00abDispensa en tercero con quarto grado de consanguinidad, y tercero y quarto de afinidad de Francisco Cavaller, y Maria Juncosa y Martorell, de Ciurana, en 27 maio de 1812\u00bb (1812)<br \/>\n\u00abDispensa de quarto grado de afinidad que entre s\u00ed tienen Jos\u00e9 Isern y Teresa Masdeu, viudos de Montreal\u00bb (1816)<br \/>\n\u00abDispensa de cuarto grado de afinidad entre Jose Bargall\u00f3 y Teresa Mas viudos vecinos el uno del Mul\u00e0 diocesis de Tortosa i la otra de Torra de Fontaubella de este Arzobispado mediante ser de honestas y honradas familias\u00bb (1854)<br \/>\n\u00abDispensa de cuarto grado de consanguinidad entre Salvador Joanpere y Francisca Estivill solteros vecinos de Almosara con la causa de edad de la oradora\u00bb (1855)<br \/>\n\u00abDispensa de doble tercero con cuarto grados de consanguinidad entre Salvador Joanpere y Maria Joanpere solteros naturales y vecinos de Almozara con la causa de estrechez de lugar\u00bb (1857)<br \/>\n\u00abDispensa de tercero con cuarto grados de afinidad entre Esteban Juncosa soltero y Rosa Martorell viuda vecinos de Arbol\u00ed con la causa de infamia cum copula\u00bb (1862)<br \/>\n\u00abDeclaracion de cuarto con quinto grados de consanguinidad entre Juan Porqueres y Francisca Porqueres solteros vecinos el uno de Vilella Baja, di\u00f3cesis de Tortosa, y la otra de Morera\u00bb (1862)<br \/>\n\u00abDispensa de cuarto grado de consanguinidad entre Jos\u00e9 Magran\u00e9 y Teresa Masdeu solteros vecinos de Arbol\u00ed con la causa de edad de la oratriz\u00bb (1865)<br \/>\n\u00abDispensa de cuarto grado de consanguinidad entre Jos\u00e9 Abell\u00f3 y Maria Magran\u00e9 solteros vecinos el uno de Almusara y la otra de Arbol\u00ed mediante ser hijos de honestas y honradas familias\u00bb (1865)<br \/>\n\u00abDispensa de cuarto grado de consanguinidad entre Juan Must\u00e9 y Teresa Porqueras solteros vecinos de la Morera con la causa de edad de la oratriz\u00bb (1869)<br \/>\n\u00abDispensa de tercer grado de consanguinidad entre Jos\u00e9 Juncosa y Maria Martorell solteros y vecinos de Arbol\u00ed\u00bb (1871)<br \/>\n\u00abDispensa de doble cuarto grado de consanguinidad entre Jos\u00e9 Juncosa y Maria Martorell solteros vecinos de Ciurana con la causa de edad de la oratriz\u00bb (1874)<\/p>\n<p><strong>S\u00e8rie Reparaci\u00f3 de Temples. Expedients referents a la parr\u00f2quia de Sant Joan Baptista de Valls. Gr\u00e0cies al patrocini de l&#8217;Escola d\u2019Arquitectura de Reus de la Universitat Rovira i Virgili<\/strong><br \/>\nReparaci\u00f3 de la fa\u00e7ana, el paviment, la teulada i el campanar de l&#8217;esgl\u00e9sia de Sant Joan a Valls (1863)<br \/>\nProjecte de campanar per a l&#8217;esgl\u00e9sia de Sant Joan a Valls (1895)<br \/>\nConstrucci\u00f3 d&#8217;una torre-campanar en la esgl\u00e9sia parroquial de Sant Joan a Valls (1895)<br \/>\nSol\u00b7licitud d&#8217;una subvenci\u00f3 de l&#8217;Estat per reparar un mur de contenci\u00f3 dels fonaments de l&#8217;esgl\u00e9sia de Sant Joan Baptista de Valls (1923)<br \/>\nConjunt de vuit pl\u00e0nols i adjunts de diverses reformes previstes al temple parroquial de Sant Joan Baptista de Valls (1941-1943)<\/p>\n<p>&nbsp;<\/p>\n<p><strong>Si est\u00e1 interesado en colaborar con el AHAT puede ponerse en contacto con nosotros en el siguiente mail: arxiu.historic@arqtgn.cat o bien en el tel\u00e9fono 977 23 34 12 ext. 214.<\/strong><\/p>\n<p><strong>Cualquier aportaci\u00f3n que nos ayude a seguir llevando adelante el proyecto de digitalizaci\u00f3n, por peque\u00f1a que sea, ser\u00e1 bien recibida.<\/strong><\/p>\n<p><strong>Para m\u00e1s informaci\u00f3n:<\/strong><br \/>\n<a href=\"http:\/\/www.ahat.cat\/projecte-de-digitalitzacio-dels-llibres-sagramentals-anteriors-dipositats-a-lahat\/\"><img loading=\"lazy\" decoding=\"async\" class=\"alignleft wp-image-2441 size-medium\" src=\"http:\/\/ahat.wp.arqtgn.cat\/wp-content\/uploads\/sites\/21\/2015\/10\/planol_arquebisbat2015-300x264.jpg\" alt=\"\" width=\"300\" height=\"264\" srcset=\"http:\/\/www.ahat.cat\/wp-content\/uploads\/sites\/21\/2015\/10\/planol_arquebisbat2015-300x264.jpg 300w, http:\/\/www.ahat.cat\/wp-content\/uploads\/sites\/21\/2015\/10\/planol_arquebisbat2015.jpg 1024w\" sizes=\"auto, (max-width: 300px) 100vw, 300px\" \/><\/a><\/p>\n","protected":false},"excerpt":{"rendered":"<p>Seguimos trabajando para poner al alcance de todos nuestro patrimonio documental gracias a la digitalizaci\u00f3n. A continuaci\u00f3n el listado de la documentaci\u00f3n que ya se puede consultar en la web del AHAT gracias al patrocinio de ayuntamientos, instituciones, empresas y particulares: Botarell. Parr\u00f2quia de Sant Lloren\u00e7, diaca i m\u00e0rtir. Gr\u00e0cies al patrocini del Sr. Carles [&hellip;]<\/p>\n","protected":false},"author":35,"featured_media":0,"comment_status":"closed","ping_status":"closed","sticky":false,"template":"","format":"standard","meta":{"footnotes":""},"categories":[],"tags":[],"class_list":["post-4180","post","type-post","status-publish","format-standard","hentry"],"amp_enabled":true,"_links":{"self":[{"href":"http:\/\/www.ahat.cat\/es\/wp-json\/wp\/v2\/posts\/4180","targetHints":{"allow":["GET"]}}],"collection":[{"href":"http:\/\/www.ahat.cat\/es\/wp-json\/wp\/v2\/posts"}],"about":[{"href":"http:\/\/www.ahat.cat\/es\/wp-json\/wp\/v2\/types\/post"}],"author":[{"embeddable":true,"href":"http:\/\/www.ahat.cat\/es\/wp-json\/wp\/v2\/users\/35"}],"replies":[{"embeddable":true,"href":"http:\/\/www.ahat.cat\/es\/wp-json\/wp\/v2\/comments?post=4180"}],"version-history":[{"count":0,"href":"http:\/\/www.ahat.cat\/es\/wp-json\/wp\/v2\/posts\/4180\/revisions"}],"wp:attachment":[{"href":"http:\/\/www.ahat.cat\/es\/wp-json\/wp\/v2\/media?parent=4180"}],"wp:term":[{"taxonomy":"category","embeddable":true,"href":"http:\/\/www.ahat.cat\/es\/wp-json\/wp\/v2\/categories?post=4180"},{"taxonomy":"post_tag","embeddable":true,"href":"http:\/\/www.ahat.cat\/es\/wp-json\/wp\/v2\/tags?post=4180"}],"curies":[{"name":"wp","href":"https:\/\/api.w.org\/{rel}","templated":true}]}}