{"id":4126,"date":"2016-09-06T14:40:03","date_gmt":"2016-09-06T14:40:03","guid":{"rendered":"http:\/\/www.ahat.cat\/2016\/09\/curso-la-reforma-de-lesglesia-esglesia-i-societat-durant-els-segles-xvi-i-xvii-a-larquebisbat-de-tarragona\/"},"modified":"2016-09-06T14:40:03","modified_gmt":"2016-09-06T14:40:03","slug":"curso-la-reforma-de-lesglesia-esglesia-i-societat-durant-els-segles-xvi-i-xvii-a-larquebisbat-de-tarragona","status":"publish","type":"post","link":"http:\/\/www.ahat.cat\/es\/2016\/09\/curso-la-reforma-de-lesglesia-esglesia-i-societat-durant-els-segles-xvi-i-xvii-a-larquebisbat-de-tarragona\/","title":{"rendered":"Curso \u00abLa Reforma de l&#8217;Esgl\u00e9sia. Esgl\u00e9sia i societat durant els segles XVI i XVII a l&#8217;arquebisbat de Tarragona\u00bb"},"content":{"rendered":"<p style=\"text-align: left;\">L&#8217;Arxiu Hist\u00f2ric Arxidioces\u00e0 de Tarragona amb col\u00b7laboraci\u00f3 amb l&#8217;Arxiu Capitular i l&#8217;Arxiu de l&#8217;Hospital de Sant Pau i Santa Tecla organitza el seg\u00fcent curs dedicat a l\u2019estudi del que va suposar\u00a0la recepci\u00f3 del Concili de Trento a la Tarraconense i que est\u00e0 dirigit a tothom qui vulgui aprofundir en el coneixement de la hist\u00f2ria la nostra arxidi\u00f2cesi.<\/p>\n<div>Aquest \u00e9s el primer d&#8217;un seguit de cursos que organitzar\u00e0 l\u2019AHAT amb els quals vol donar a con\u00e8ixer la hist\u00f2ria de l\u2019Esgl\u00e9sia de Tarragona.<\/div>\n<div>\n<hr \/>\n<\/div>\n<div><\/div>\n<h1 style=\"text-align: center;\"><strong>La Reforma de l&#8217;Esgl\u00e9sia<\/strong><br \/>\n<strong>Esgl\u00e9sia i societat durant els segles XVI i XVII a l&#8217;arquebisbat de Tarragona<\/strong><\/h1>\n<p style=\"text-align: center;\"><strong>del 6 d&#8217;octubre al 15 de desembre de 2016 de 17h a 19h<\/strong><\/p>\n<p>&nbsp;<\/p>\n<p><strong>Programa<\/strong><br \/>\n1.- Conceptes: Reforma, Contrareforma, Confessionalitzaci\u00f3 i Disciplinament<br \/>\n2.- Desenvolupament i din\u00e0miques de la reforma cat\u00f2lica: la base, els quadres i els v\u00e8rtexs<br \/>\n3.- Les reformes protestants: La reforma de Luter, la reforma de Calv\u00ed i les reformes angleses<br \/>\n4.- El Concili de Trento: origen, desenvolupament i recepci\u00f3 a la Tarraconense<br \/>\n5.- Una societat \u201coficialment cristiana\u201d<br \/>\n6.- Els arquebisbes: origen familiar, formaci\u00f3, cursos honorum i nomenament<br \/>\n7.- El clergat: canonges, beneficiats, rectors i vicaris<br \/>\n8.- Religiosos i religioses: reforma de la pastoral de l\u2019Esgl\u00e9sia<br \/>\n9.- El la\u00efcat: confraries, religiositat popular i acci\u00f3 social<br \/>\n10.- Esgl\u00e9sia Metropolitana i Primada: Concilis Provincials i primacia<br \/>\n11.- Terra i religi\u00f3: lleialtat pol\u00edtica Vs llibertat i l\u2019estrangeria i la llengua<br \/>\n12.- Trento i la cultura<\/p>\n<p><strong>Professor<\/strong><br \/>\nMn. Manuel M. Fuentes i Gas\u00f3, arxiver dioces\u00e0 i canonge arxiver<\/p>\n<p><strong>Auto-matr\u00edcula<\/strong><br \/>\n<a href=\"http:\/\/moodle.ahat.cat\">http:\/\/moodle.ahat.cat<\/a><br \/>\nDates de la matr\u00edcula: del 14 al 30 de setembre del 2016<br \/>\nPreu: 80 EUR<br \/>\nPlaces: 30<\/p>\n<p><strong>Lloc i dates<\/strong><br \/>\nCentre Tarraconense. El Seminari<br \/>\nCarrer de Sant Pau, 4<br \/>\nDates: 6, 13, 20 i 27 d&#8217;octubre, 3, 10, 17 i 24 de novembre i 1 i 15 de desembre de 2016<br \/>\nHorari de 17 h a 19 h<\/p>\n","protected":false},"excerpt":{"rendered":"<p>L&#8217;Arxiu Hist\u00f2ric Arxidioces\u00e0 de Tarragona amb col\u00b7laboraci\u00f3 amb l&#8217;Arxiu Capitular i l&#8217;Arxiu de l&#8217;Hospital de Sant Pau i Santa Tecla organitza el seg\u00fcent curs dedicat a l\u2019estudi del que va suposar\u00a0la recepci\u00f3 del Concili de Trento a la Tarraconense i que est\u00e0 dirigit a tothom qui vulgui aprofundir en el coneixement de la hist\u00f2ria la [&hellip;]<\/p>\n","protected":false},"author":35,"featured_media":0,"comment_status":"closed","ping_status":"closed","sticky":false,"template":"","format":"standard","meta":{"footnotes":""},"categories":[567,590],"tags":[499],"class_list":["post-4126","post","type-post","status-publish","format-standard","hentry","category-any-2016","category-la-reforma-de-lesglesia-2","tag-curso"],"amp_enabled":true,"_links":{"self":[{"href":"http:\/\/www.ahat.cat\/es\/wp-json\/wp\/v2\/posts\/4126","targetHints":{"allow":["GET"]}}],"collection":[{"href":"http:\/\/www.ahat.cat\/es\/wp-json\/wp\/v2\/posts"}],"about":[{"href":"http:\/\/www.ahat.cat\/es\/wp-json\/wp\/v2\/types\/post"}],"author":[{"embeddable":true,"href":"http:\/\/www.ahat.cat\/es\/wp-json\/wp\/v2\/users\/35"}],"replies":[{"embeddable":true,"href":"http:\/\/www.ahat.cat\/es\/wp-json\/wp\/v2\/comments?post=4126"}],"version-history":[{"count":0,"href":"http:\/\/www.ahat.cat\/es\/wp-json\/wp\/v2\/posts\/4126\/revisions"}],"wp:attachment":[{"href":"http:\/\/www.ahat.cat\/es\/wp-json\/wp\/v2\/media?parent=4126"}],"wp:term":[{"taxonomy":"category","embeddable":true,"href":"http:\/\/www.ahat.cat\/es\/wp-json\/wp\/v2\/categories?post=4126"},{"taxonomy":"post_tag","embeddable":true,"href":"http:\/\/www.ahat.cat\/es\/wp-json\/wp\/v2\/tags?post=4126"}],"curies":[{"name":"wp","href":"https:\/\/api.w.org\/{rel}","templated":true}]}}