{"id":4039,"date":"2015-09-09T15:01:53","date_gmt":"2015-09-09T15:01:53","guid":{"rendered":"http:\/\/www.ahat.cat\/2015\/09\/concierto-dedicado-a-los-maestros-de-la-catedral-de-tarragona-de-los-siglos-xvi-y-xviii\/"},"modified":"2015-09-09T15:01:53","modified_gmt":"2015-09-09T15:01:53","slug":"concierto-dedicado-a-los-maestros-de-la-catedral-de-tarragona-de-los-siglos-xvi-y-xviii","status":"publish","type":"post","link":"http:\/\/www.ahat.cat\/es\/2015\/09\/concierto-dedicado-a-los-maestros-de-la-catedral-de-tarragona-de-los-siglos-xvi-y-xviii\/","title":{"rendered":"Concierto dedicado a los maestros de la Catedral de Tarragona de los siglos XVI y XVIII"},"content":{"rendered":"<p id=\"tw-target-text\" class=\"tw-data-text vk_txt tw-ta tw-text-small\" dir=\"ltr\"><span lang=\"es\"><img loading=\"lazy\" decoding=\"async\" class=\"wp-image-2333 size-medium alignleft\" src=\"http:\/\/ahat.wp.arqtgn.cat\/wp-content\/uploads\/sites\/21\/2015\/09\/Capelladelpi_130920151-300x225.jpg\" alt=\"Capelladelpi_130920151\" width=\"300\" height=\"225\" srcset=\"http:\/\/www.ahat.cat\/wp-content\/uploads\/sites\/21\/2015\/09\/Capelladelpi_130920151-300x225.jpg 300w, http:\/\/www.ahat.cat\/wp-content\/uploads\/sites\/21\/2015\/09\/Capelladelpi_130920151-1024x768.jpg 1024w, http:\/\/www.ahat.cat\/wp-content\/uploads\/sites\/21\/2015\/09\/Capelladelpi_130920151.jpg 1600w\" sizes=\"auto, (max-width: 300px) 100vw, 300px\" \/>El domingo 13 de septiembre a las 19:00 h. en la catedral de Tarragona tendr\u00e1 lugar el acto de presentaci\u00f3n del volumen n\u00famero 4 de la colecci\u00f3n <strong>\u00abMestres Catalans Antics dedicat a Joan Cris\u00f2stom Ripoll\u00e8s (1678-1746)\u00bb<\/strong><strong>\u00a0<\/strong>a cargo del <strong>Dr. Josep Maria Gregori Cifr\u00e9<\/strong>, autor de la transcripci\u00f3n. <\/span><\/p>\n<p class=\"tw-data-text vk_txt tw-ta tw-text-small\" dir=\"ltr\"><span lang=\"es\">Seguidamente habr\u00e1 un concierto dedicado a los maestros de la Catedral de Tarragona de los siglos XVI y XVIII interpretado por la <strong>Capilla de M\u00fasica de Santa Mar\u00eda del Pi de<\/strong> Barcelona que junto con el proyecto IFMuC de la UAB cuentan con una l\u00ednea de colaboraci\u00f3n con el fin de dar difusi\u00f3n al repertorio eclesi\u00e1stico in\u00e9dito de los compositores que reg\u00edan los magisterios de los principales centros de producci\u00f3n musical de Catalu\u00f1a. <\/span><\/p>\n<p class=\"tw-data-text vk_txt tw-ta tw-text-small\" dir=\"ltr\"><span lang=\"es\">El concierto ofrecer\u00e1 una muestra del repertorio compositivo de los maestros activos en la catedral de Tarragona entre los siglos XVI y XVIII: <strong>el organista Joan Ferrer (1505-1517), los maestros de capilla <strong>Rafael Coloma (1589-1591 i 1595-1600), Nicasi \u00c7orita (1578-1585), Joan Pujol (1593-1595), Pere Riquet (1619), Benet Buscarons (1672), Felip Olivellas (1677), Tom\u00e0s Milans i Joan Cris\u00f2stom Ripoll\u00e8s (1708-1746)<\/strong>.<\/strong><\/span><\/p>\n<p class=\"tw-data-text vk_txt tw-ta tw-text-small\" dir=\"ltr\"><span lang=\"es\">El acto ha sido organizado por el <strong>Arxiu Hist\u00f2ric Arxidioces\u00e0 de Tarragona<\/strong>\u00a0i l\u2019<strong>Arxiu Capitular de Tarragona<\/strong> y tiene un precio de 10 \u20ac (pro restauraci\u00f3n de la capilla de Santa Tecla).<\/span><\/p>\n<p>&nbsp;<\/p>\n","protected":false},"excerpt":{"rendered":"<p>El domingo 13 de septiembre a las 19:00 h. en la catedral de Tarragona tendr\u00e1 lugar el acto de presentaci\u00f3n del volumen n\u00famero 4 de la colecci\u00f3n \u00abMestres Catalans Antics dedicat a Joan Cris\u00f2stom Ripoll\u00e8s (1678-1746)\u00bb\u00a0a cargo del Dr. Josep Maria Gregori Cifr\u00e9, autor de la transcripci\u00f3n. Seguidamente habr\u00e1 un concierto dedicado a los maestros [&hellip;]<\/p>\n","protected":false},"author":35,"featured_media":0,"comment_status":"closed","ping_status":"closed","sticky":false,"template":"","format":"standard","meta":{"footnotes":""},"categories":[],"tags":[],"class_list":["post-4039","post","type-post","status-publish","format-standard","hentry"],"amp_enabled":true,"_links":{"self":[{"href":"http:\/\/www.ahat.cat\/es\/wp-json\/wp\/v2\/posts\/4039","targetHints":{"allow":["GET"]}}],"collection":[{"href":"http:\/\/www.ahat.cat\/es\/wp-json\/wp\/v2\/posts"}],"about":[{"href":"http:\/\/www.ahat.cat\/es\/wp-json\/wp\/v2\/types\/post"}],"author":[{"embeddable":true,"href":"http:\/\/www.ahat.cat\/es\/wp-json\/wp\/v2\/users\/35"}],"replies":[{"embeddable":true,"href":"http:\/\/www.ahat.cat\/es\/wp-json\/wp\/v2\/comments?post=4039"}],"version-history":[{"count":0,"href":"http:\/\/www.ahat.cat\/es\/wp-json\/wp\/v2\/posts\/4039\/revisions"}],"wp:attachment":[{"href":"http:\/\/www.ahat.cat\/es\/wp-json\/wp\/v2\/media?parent=4039"}],"wp:term":[{"taxonomy":"category","embeddable":true,"href":"http:\/\/www.ahat.cat\/es\/wp-json\/wp\/v2\/categories?post=4039"},{"taxonomy":"post_tag","embeddable":true,"href":"http:\/\/www.ahat.cat\/es\/wp-json\/wp\/v2\/tags?post=4039"}],"curies":[{"name":"wp","href":"https:\/\/api.w.org\/{rel}","templated":true}]}}