{"id":4027,"date":"2015-06-22T12:24:19","date_gmt":"2015-06-22T12:24:19","guid":{"rendered":"http:\/\/www.ahat.cat\/2015\/06\/disponibles-en-el-canal-de-youtube-del-ahat-las-conferencias-sobre-la-repoblacion-del-campo-de-tarragona-estado-de-la-cuestion\/"},"modified":"2015-06-22T12:24:19","modified_gmt":"2015-06-22T12:24:19","slug":"disponibles-en-el-canal-de-youtube-del-ahat-las-conferencias-sobre-la-repoblacion-del-campo-de-tarragona-estado-de-la-cuestion","status":"publish","type":"post","link":"http:\/\/www.ahat.cat\/es\/2015\/06\/disponibles-en-el-canal-de-youtube-del-ahat-las-conferencias-sobre-la-repoblacion-del-campo-de-tarragona-estado-de-la-cuestion\/","title":{"rendered":"Disponibles en el canal de youtube del AHAT las conferencias sobre la Repoblaci\u00f3n del Campo de Tarragona. Estado de la cuesti\u00f3n"},"content":{"rendered":"<div>En el siguiente enlace podr\u00e9is ver las conferencias de las jornadas sobre la Repoblaci\u00f3n del Campo de Tarragona. Estado de la cuesti\u00f3n que tuvieron lugar el pasado 18 y 19 de junio.<\/div>\n<div><\/div>\n<div>\n<p><iframe loading=\"lazy\" title=\"La Repoblaci\u00f3 del Camp de Tarragona. Estat de la q\u00fcesti\u00f3\" width=\"640\" height=\"360\" src=\"https:\/\/www.youtube.com\/embed\/videoseries?list=PLPRC0b3CBZGB5KtBJ81hnSmOpIhIsQdwi\" frameborder=\"0\" allow=\"accelerometer; autoplay; clipboard-write; encrypted-media; gyroscope; picture-in-picture; web-share\" referrerpolicy=\"strict-origin-when-cross-origin\" allowfullscreen><\/iframe><\/p>\n<\/div>\n<div><\/div>\n<div>Esperamos que sean de su inter\u00e9s.<\/div>\n","protected":false},"excerpt":{"rendered":"<p>En el siguiente enlace podr\u00e9is ver las conferencias de las jornadas sobre la Repoblaci\u00f3n del Campo de Tarragona. Estado de la cuesti\u00f3n que tuvieron lugar el pasado 18 y 19 de junio. Esperamos que sean de su inter\u00e9s.<\/p>\n","protected":false},"author":35,"featured_media":0,"comment_status":"closed","ping_status":"closed","sticky":false,"template":"","format":"standard","meta":{"footnotes":""},"categories":[526],"tags":[],"class_list":["post-4027","post","type-post","status-publish","format-standard","hentry","category-jornadas-sobre-la-repoblacio-del-camp-de-tarragona-estat-de-la-questio"],"amp_enabled":true,"_links":{"self":[{"href":"http:\/\/www.ahat.cat\/es\/wp-json\/wp\/v2\/posts\/4027","targetHints":{"allow":["GET"]}}],"collection":[{"href":"http:\/\/www.ahat.cat\/es\/wp-json\/wp\/v2\/posts"}],"about":[{"href":"http:\/\/www.ahat.cat\/es\/wp-json\/wp\/v2\/types\/post"}],"author":[{"embeddable":true,"href":"http:\/\/www.ahat.cat\/es\/wp-json\/wp\/v2\/users\/35"}],"replies":[{"embeddable":true,"href":"http:\/\/www.ahat.cat\/es\/wp-json\/wp\/v2\/comments?post=4027"}],"version-history":[{"count":0,"href":"http:\/\/www.ahat.cat\/es\/wp-json\/wp\/v2\/posts\/4027\/revisions"}],"wp:attachment":[{"href":"http:\/\/www.ahat.cat\/es\/wp-json\/wp\/v2\/media?parent=4027"}],"wp:term":[{"taxonomy":"category","embeddable":true,"href":"http:\/\/www.ahat.cat\/es\/wp-json\/wp\/v2\/categories?post=4027"},{"taxonomy":"post_tag","embeddable":true,"href":"http:\/\/www.ahat.cat\/es\/wp-json\/wp\/v2\/tags?post=4027"}],"curies":[{"name":"wp","href":"https:\/\/api.w.org\/{rel}","templated":true}]}}