{"id":4015,"date":"2015-05-12T16:01:47","date_gmt":"2015-05-12T16:01:47","guid":{"rendered":"http:\/\/www.ahat.cat\/2015\/05\/convenio-de-colaboracion-entre-el-ayuntamiento-de-aflorja-y-el-arxiu-historic-arxidiocesa-de-tarragona\/"},"modified":"2015-05-12T16:01:47","modified_gmt":"2015-05-12T16:01:47","slug":"convenio-de-colaboracion-entre-el-ayuntamiento-de-aflorja-y-el-arxiu-historic-arxidiocesa-de-tarragona","status":"publish","type":"post","link":"http:\/\/www.ahat.cat\/es\/2015\/05\/convenio-de-colaboracion-entre-el-ayuntamiento-de-aflorja-y-el-arxiu-historic-arxidiocesa-de-tarragona\/","title":{"rendered":"Convenio de colaboraci\u00f3n entre el ayuntamiento de Aflorja y el Arxiu Hist\u00f2ric Arxidioces\u00e0 de Tarragona"},"content":{"rendered":"<p>El Excmo. y Rvdmo. <strong>Dr. Jaume Pujol i Balcells<\/strong>, arzobispo de Tarragona y primado, y el Ilmo. <strong>Sr. Juan Jos\u00e9 Garc\u00eda Rodr\u00edguez<\/strong>, alcalde de Alforja , firmaron el convenio de colaboraci\u00f3n que permitir\u00e1 la digitalizaci\u00f3n de la <strong>totalidad de los libros sacramentales<\/strong> del fondo parroquial\u00a0<strong>de San Miguel arc\u00e1ngel de Alforja<\/strong>.<\/p>\n","protected":false},"excerpt":{"rendered":"<p>El Excmo. y Rvdmo. Dr. Jaume Pujol i Balcells, arzobispo de Tarragona y primado, y el Ilmo. Sr. Juan Jos\u00e9 Garc\u00eda Rodr\u00edguez, alcalde de Alforja , firmaron el convenio de colaboraci\u00f3n que permitir\u00e1 la digitalizaci\u00f3n de la totalidad de los libros sacramentales del fondo parroquial\u00a0de San Miguel arc\u00e1ngel de Alforja.<\/p>\n","protected":false},"author":35,"featured_media":0,"comment_status":"closed","ping_status":"closed","sticky":false,"template":"","format":"standard","meta":{"footnotes":""},"categories":[],"tags":[],"class_list":["post-4015","post","type-post","status-publish","format-standard","hentry"],"amp_enabled":true,"_links":{"self":[{"href":"http:\/\/www.ahat.cat\/es\/wp-json\/wp\/v2\/posts\/4015","targetHints":{"allow":["GET"]}}],"collection":[{"href":"http:\/\/www.ahat.cat\/es\/wp-json\/wp\/v2\/posts"}],"about":[{"href":"http:\/\/www.ahat.cat\/es\/wp-json\/wp\/v2\/types\/post"}],"author":[{"embeddable":true,"href":"http:\/\/www.ahat.cat\/es\/wp-json\/wp\/v2\/users\/35"}],"replies":[{"embeddable":true,"href":"http:\/\/www.ahat.cat\/es\/wp-json\/wp\/v2\/comments?post=4015"}],"version-history":[{"count":0,"href":"http:\/\/www.ahat.cat\/es\/wp-json\/wp\/v2\/posts\/4015\/revisions"}],"wp:attachment":[{"href":"http:\/\/www.ahat.cat\/es\/wp-json\/wp\/v2\/media?parent=4015"}],"wp:term":[{"taxonomy":"category","embeddable":true,"href":"http:\/\/www.ahat.cat\/es\/wp-json\/wp\/v2\/categories?post=4015"},{"taxonomy":"post_tag","embeddable":true,"href":"http:\/\/www.ahat.cat\/es\/wp-json\/wp\/v2\/tags?post=4015"}],"curies":[{"name":"wp","href":"https:\/\/api.w.org\/{rel}","templated":true}]}}