{"id":3856,"date":"2012-10-09T22:18:34","date_gmt":"2012-10-09T22:18:34","guid":{"rendered":"http:\/\/www.ahat.cat\/2012\/10\/colaboracion-de-la-universitat-rovira-i-virgili-y-la-catedra-antoni-pedrol-i-rius-estudis-de-dret-local-con-el-proyecto-de-digitalizacion-del-archivo\/"},"modified":"2012-10-09T22:18:34","modified_gmt":"2012-10-09T22:18:34","slug":"colaboracion-de-la-universitat-rovira-i-virgili-y-la-catedra-antoni-pedrol-i-rius-estudis-de-dret-local-con-el-proyecto-de-digitalizacion-del-archivo","status":"publish","type":"post","link":"http:\/\/www.ahat.cat\/es\/2012\/10\/colaboracion-de-la-universitat-rovira-i-virgili-y-la-catedra-antoni-pedrol-i-rius-estudis-de-dret-local-con-el-proyecto-de-digitalizacion-del-archivo\/","title":{"rendered":"Colaboraci\u00f3n de la Universitat Rovira i Virgili y la C\u00e0tedra Antoni Pedrol i Rius. Estudis de dret local con el proyecto de digitalizaci\u00f3n del Archivo"},"content":{"rendered":"<p>La Universitat Rovira i Virgili y la C\u00e0tedra Antoni Pedrol i Rius Estudis de dret local\u00a0han colaborado con la financiaci\u00f3n de la digitalizaci\u00f3n del <strong>Llibre de la corretja<\/strong>\u00a0que contiene contiene copias de documentos desde el a\u00f1o 1090 a 1577 realizada por orden del arzobispo de Tarragona Fernando de Loaces con el fin de probar que la ciudad de Tarragona pertenec\u00eda al patrimonio temporal de la Mitra.<\/p>\n","protected":false},"excerpt":{"rendered":"<p>La Universitat Rovira i Virgili y la C\u00e0tedra Antoni Pedrol i Rius Estudis de dret local\u00a0han colaborado con la financiaci\u00f3n de la digitalizaci\u00f3n del Llibre de la corretja\u00a0que contiene contiene copias de documentos desde el a\u00f1o 1090 a 1577 realizada por orden del arzobispo de Tarragona Fernando de Loaces con el fin de probar que [&hellip;]<\/p>\n","protected":false},"author":35,"featured_media":0,"comment_status":"closed","ping_status":"closed","sticky":false,"template":"","format":"standard","meta":{"footnotes":""},"categories":[548],"tags":[],"class_list":["post-3856","post","type-post","status-publish","format-standard","hentry","category-universitat-rovira-i-virgili-2"],"amp_enabled":true,"_links":{"self":[{"href":"http:\/\/www.ahat.cat\/es\/wp-json\/wp\/v2\/posts\/3856","targetHints":{"allow":["GET"]}}],"collection":[{"href":"http:\/\/www.ahat.cat\/es\/wp-json\/wp\/v2\/posts"}],"about":[{"href":"http:\/\/www.ahat.cat\/es\/wp-json\/wp\/v2\/types\/post"}],"author":[{"embeddable":true,"href":"http:\/\/www.ahat.cat\/es\/wp-json\/wp\/v2\/users\/35"}],"replies":[{"embeddable":true,"href":"http:\/\/www.ahat.cat\/es\/wp-json\/wp\/v2\/comments?post=3856"}],"version-history":[{"count":0,"href":"http:\/\/www.ahat.cat\/es\/wp-json\/wp\/v2\/posts\/3856\/revisions"}],"wp:attachment":[{"href":"http:\/\/www.ahat.cat\/es\/wp-json\/wp\/v2\/media?parent=3856"}],"wp:term":[{"taxonomy":"category","embeddable":true,"href":"http:\/\/www.ahat.cat\/es\/wp-json\/wp\/v2\/categories?post=3856"},{"taxonomy":"post_tag","embeddable":true,"href":"http:\/\/www.ahat.cat\/es\/wp-json\/wp\/v2\/tags?post=3856"}],"curies":[{"name":"wp","href":"https:\/\/api.w.org\/{rel}","templated":true}]}}