{"id":846,"count":1,"description":"","link":"https:\/\/www.ahat.cat\/es\/category\/accion-cultural\/ano-2024\/viii-jornades-dhistoria-mn-sanc-capdevila-i-felip-en-femeni-la-dona-al-llarg-de-la-historia-es\/","name":"VIII Jornades d\u2019Hist\u00f2ria Mn. San\u00e7 Capdevila i Felip. En Femen\u00ed. La dona al llarg de la hist\u00f2ria","slug":"viii-jornades-dhistoria-mn-sanc-capdevila-i-felip-en-femeni-la-dona-al-llarg-de-la-historia-es","taxonomy":"category","parent":838,"meta":[],"_links":{"self":[{"href":"http:\/\/www.ahat.cat\/es\/wp-json\/wp\/v2\/categories\/846","targetHints":{"allow":["GET"]}}],"collection":[{"href":"http:\/\/www.ahat.cat\/es\/wp-json\/wp\/v2\/categories"}],"about":[{"href":"http:\/\/www.ahat.cat\/es\/wp-json\/wp\/v2\/taxonomies\/category"}],"up":[{"embeddable":true,"href":"http:\/\/www.ahat.cat\/es\/wp-json\/wp\/v2\/categories\/838"}],"wp:post_type":[{"href":"http:\/\/www.ahat.cat\/es\/wp-json\/wp\/v2\/posts?categories=846"}],"curies":[{"name":"wp","href":"https:\/\/api.w.org\/{rel}","templated":true}]}}